{"id":6946,"date":"2024-12-12T11:49:20","date_gmt":"2024-12-12T14:49:20","guid":{"rendered":"https:\/\/fmtinkunaco.ar\/?p=6946"},"modified":"2024-12-12T11:49:20","modified_gmt":"2024-12-12T14:49:20","slug":"iris-una-historia-de-vida-iris-avellaneda-lanza-su-primer-libro-autobiografico","status":"publish","type":"post","link":"https:\/\/fmtinkunaco.ar\/?p=6946","title":{"rendered":"\u201ciris, una historia de vida\u201d Iris Avellaneda lanza su primer libro autobiogr\u00e1fico"},"content":{"rendered":"\n<p>Iris Avellaneda es mam\u00e1 del estudiante desaparecido Floreal Avellaneda, una de las pocas sobrevivientes del terrorismo de estado, y Presidenta de la Asociaci\u00f3n de Sobrevivientes, Familiares, Compa\u00f1eros y Compa\u00f1eras de Campo de Mayo y de la Liga Argentina por los Derechos Humanos.<\/p>\n\n\n\n<p>En esta ocasi\u00f3n, hace la presentaci\u00f3n de nuevo y primer libro \u201cIris, una historia de vida\u201d donde relata la historia de su vida, de su familia, de su detenci\u00f3n en Campo de Mayo, de la p\u00e9rdida de su hijo, de los juicios posteriores, pero m\u00e1s importante, de la lucha y resistencia colectiva.<\/p>\n\n\n\n<p>En una entrevista con el Noticiero Encuentro con las Noticias, Avellaneda mencionaba \u201c<em>Un compa\u00f1ero me dijo tu historia tiene que quedar plasmada en la vida, en la gente (\u2026) Son muchos a\u00f1os de lucha, todo el mundo me saluda, todo el mundo est\u00e1 conmigo cuando hacemos actos, reuniones. Siempre ese amor, ese cari\u00f1o que te da la gente. La historia nuestra aparte de ser terrible es emblem\u00e1tica\u201d.<\/em><\/p>\n\n\n\n<p>Para m\u00e1s informaci\u00f3n del libro, pueden comunicarse al tel\u00e9fono institucional de Fm Tinkunaco 1166905002.<\/p>\n\n\n\n<p>En l\u00ednea con esto, este s\u00e1bado se realizar\u00e1 un acto y marcha organizado por la Mesa por la Memoria en reclamo por la culminaci\u00f3n del espacio de la Memoria en Campo de Mayo. La concentraci\u00f3n ser\u00e1 en Av. Pte. Per\u00f3n y Estado de Israel a las 10hs.<\/p>\n\n\n\n<p>Entrevista Completa<\/p>\n\n\n<p><iframe loading=\"lazy\" src=\"https:\/\/archive.org\/embed\/entrevista-iris-avellaneda-12-12-24\" width=\"500\" height=\"60\" frameborder=\"0\" webkitallowfullscreen=\"true\" mozallowfullscreen=\"true\" allowfullscreen><\/iframe><\/p>\n\n\n<p><a href=\"https:\/\/archive.org\/details\/entrevista-iris-avellaneda-12-12-24\" data-type=\"link\" data-id=\"https:\/\/archive.org\/details\/entrevista-iris-avellaneda-12-12-24\">Descargar<\/a><\/p>\n","protected":false},"excerpt":{"rendered":"<p>Iris Avellaneda es mam\u00e1 del estudiante desaparecido Floreal Avellaneda, una de las pocas sobrevivientes del terrorismo de estado, y Presidenta de la Asociaci\u00f3n de Sobrevivientes, Familiares, Compa\u00f1eros y Compa\u00f1eras de Campo de Mayo y de la Liga Argentina por los Derechos Humanos. En esta ocasi\u00f3n, hace la presentaci\u00f3n de nuevo y primer libro \u201cIris, una [&hellip;]<\/p>\n","protected":false},"author":1,"featured_media":6947,"comment_status":"open","ping_status":"open","sticky":false,"template":"","format":"standard","meta":{"footnotes":""},"categories":[1],"tags":[],"class_list":["post-6946","post","type-post","status-publish","format-standard","has-post-thumbnail","hentry","category-blog"],"_links":{"self":[{"href":"https:\/\/fmtinkunaco.ar\/index.php?rest_route=\/wp\/v2\/posts\/6946","targetHints":{"allow":["GET"]}}],"collection":[{"href":"https:\/\/fmtinkunaco.ar\/index.php?rest_route=\/wp\/v2\/posts"}],"about":[{"href":"https:\/\/fmtinkunaco.ar\/index.php?rest_route=\/wp\/v2\/types\/post"}],"author":[{"embeddable":true,"href":"https:\/\/fmtinkunaco.ar\/index.php?rest_route=\/wp\/v2\/users\/1"}],"replies":[{"embeddable":true,"href":"https:\/\/fmtinkunaco.ar\/index.php?rest_route=%2Fwp%2Fv2%2Fcomments&post=6946"}],"version-history":[{"count":1,"href":"https:\/\/fmtinkunaco.ar\/index.php?rest_route=\/wp\/v2\/posts\/6946\/revisions"}],"predecessor-version":[{"id":6948,"href":"https:\/\/fmtinkunaco.ar\/index.php?rest_route=\/wp\/v2\/posts\/6946\/revisions\/6948"}],"wp:featuredmedia":[{"embeddable":true,"href":"https:\/\/fmtinkunaco.ar\/index.php?rest_route=\/wp\/v2\/media\/6947"}],"wp:attachment":[{"href":"https:\/\/fmtinkunaco.ar\/index.php?rest_route=%2Fwp%2Fv2%2Fmedia&parent=6946"}],"wp:term":[{"taxonomy":"category","embeddable":true,"href":"https:\/\/fmtinkunaco.ar\/index.php?rest_route=%2Fwp%2Fv2%2Fcategories&post=6946"},{"taxonomy":"post_tag","embeddable":true,"href":"https:\/\/fmtinkunaco.ar\/index.php?rest_route=%2Fwp%2Fv2%2Ftags&post=6946"}],"curies":[{"name":"wp","href":"https:\/\/api.w.org\/{rel}","templated":true}]}}