{"id":6953,"date":"2024-12-17T09:18:42","date_gmt":"2024-12-17T12:18:42","guid":{"rendered":"https:\/\/fmtinkunaco.ar\/?p=6953"},"modified":"2024-12-17T09:18:43","modified_gmt":"2024-12-17T12:18:43","slug":"moreno-represion-policial-a-trabajadores-municipales","status":"publish","type":"post","link":"https:\/\/fmtinkunaco.ar\/?p=6953","title":{"rendered":"Moreno: Represi\u00f3n policial a trabajadores municipales"},"content":{"rendered":"\n<p>El pasado viernes 13 de diciembre, trabajadores municipales de la localidad de Moreno fueron reprimidos por la polic\u00eda bonaerense al realizar una radio abierta y volanteada en reclamo de un bono navide\u00f1o.<\/p>\n\n\n\n<p>Dentro de los sindicatos que participaron, se encuentran agrupaciones&nbsp; de ATE: <a><\/a>Primero de Mayo, V\u00edctor Choque y Tribuna Estatal).<\/p>\n\n\n\n<p>Comentan que la violencia arranc\u00f3 al intentar colgar un pasacalle, hecho suficiente para que la polic\u00eda comenzara a agredir e intentar frenar la acci\u00f3n.<\/p>\n\n\n\n<p>Ra\u00fal Soria, es referente de ATE Moreno y explic\u00f3 <em>\u201cLa polic\u00eda se puso bastante hostil, provocadora, polic\u00eda departamental. No permiti\u00e9ndonos poner un pasacalle, no estamos da\u00f1ando la fachada, no estamos pintando, es atar el cartel y terminada la jornada levantamos el cartel. Hubo un capricho por parte de la polic\u00eda, implement\u00e1ndose y generando una&nbsp; violencia desmedida donde ten\u00edamos tan solo 40 compa\u00f1eros organizando la actividad. (\u2026) De hecho, terminan&nbsp; cortando la calle, la polic\u00eda y no nosotros\u201d.<\/em><\/p>\n\n\n\n<p>Soria, adem\u00e1s, sostuvo <em>\u201cHubo agresiones, principalmente a la militancia. Lo mismo compa\u00f1eras, donde oficiales&nbsp; varones le pegaron a compa\u00f1eras, a una de ellas le rompieron un dientes, tambi\u00e9n compa\u00f1eras terminaron en el hospital\u201d.<\/em><\/p>\n\n\n\n<p>La jornada ten\u00eda el objetivo de exigir un bono navide\u00f1o de 100.000 mil pesos, visibilizar la necesidad de la existencia de este bono. Ya que los salarios promedios de los trabajadores y trabajadoras de Moreno son de 350 mil pesos aproximadamente.<\/p>\n\n\n\n<p>Finalmente, Ra\u00fal Soria remarc\u00f3 <em>\u201cvamos a exigir que se investigue qui\u00e9n dio la orden y porqu\u00e9 dio esa orden. Sabemos y entendemos que la intendenta no estaba en Moreno, estaba en Italia pero hay responsabilidad pol\u00edtica\u00bb.<\/em><\/p>\n\n\n\n<p>Frente a esta situaci\u00f3n, convocan a participar de una jornada de repudio a la represi\u00f3n a trabajadores municipales que ser\u00e1 hoy 17 de diciembre en la Plaza San Mart\u00edn a las 9:30 y a las 11:00hs a una conferencia frente a la Municipalidad.<\/p>\n\n\n\n<p>Compartimos entrevista completa<\/p>\n\n\n\n<p><a href=\"https:\/\/archive.org\/details\/audio-raul-soria-16-12-2024\">Descargar\u00a0<\/a><\/p>\n\n\n<p><iframe loading=\"lazy\" src=\"https:\/\/archive.org\/embed\/audio-raul-soria-16-12-2024\" width=\"500\" height=\"60\" frameborder=\"0\" webkitallowfullscreen=\"true\" mozallowfullscreen=\"true\" allowfullscreen><\/iframe><\/p>","protected":false},"excerpt":{"rendered":"<p>El pasado viernes 13 de diciembre, trabajadores municipales de la localidad de Moreno fueron reprimidos por la polic\u00eda bonaerense al realizar una radio abierta y volanteada en reclamo de un bono navide\u00f1o. Dentro de los sindicatos que participaron, se encuentran agrupaciones&nbsp; de ATE: Primero de Mayo, V\u00edctor Choque y Tribuna Estatal). Comentan que la violencia [&hellip;]<\/p>\n","protected":false},"author":1,"featured_media":6954,"comment_status":"open","ping_status":"open","sticky":false,"template":"","format":"standard","meta":{"footnotes":""},"categories":[1],"tags":[],"class_list":["post-6953","post","type-post","status-publish","format-standard","has-post-thumbnail","hentry","category-blog"],"_links":{"self":[{"href":"https:\/\/fmtinkunaco.ar\/index.php?rest_route=\/wp\/v2\/posts\/6953","targetHints":{"allow":["GET"]}}],"collection":[{"href":"https:\/\/fmtinkunaco.ar\/index.php?rest_route=\/wp\/v2\/posts"}],"about":[{"href":"https:\/\/fmtinkunaco.ar\/index.php?rest_route=\/wp\/v2\/types\/post"}],"author":[{"embeddable":true,"href":"https:\/\/fmtinkunaco.ar\/index.php?rest_route=\/wp\/v2\/users\/1"}],"replies":[{"embeddable":true,"href":"https:\/\/fmtinkunaco.ar\/index.php?rest_route=%2Fwp%2Fv2%2Fcomments&post=6953"}],"version-history":[{"count":1,"href":"https:\/\/fmtinkunaco.ar\/index.php?rest_route=\/wp\/v2\/posts\/6953\/revisions"}],"predecessor-version":[{"id":6955,"href":"https:\/\/fmtinkunaco.ar\/index.php?rest_route=\/wp\/v2\/posts\/6953\/revisions\/6955"}],"wp:featuredmedia":[{"embeddable":true,"href":"https:\/\/fmtinkunaco.ar\/index.php?rest_route=\/wp\/v2\/media\/6954"}],"wp:attachment":[{"href":"https:\/\/fmtinkunaco.ar\/index.php?rest_route=%2Fwp%2Fv2%2Fmedia&parent=6953"}],"wp:term":[{"taxonomy":"category","embeddable":true,"href":"https:\/\/fmtinkunaco.ar\/index.php?rest_route=%2Fwp%2Fv2%2Fcategories&post=6953"},{"taxonomy":"post_tag","embeddable":true,"href":"https:\/\/fmtinkunaco.ar\/index.php?rest_route=%2Fwp%2Fv2%2Ftags&post=6953"}],"curies":[{"name":"wp","href":"https:\/\/api.w.org\/{rel}","templated":true}]}}