{"id":6963,"date":"2024-12-23T13:56:10","date_gmt":"2024-12-23T16:56:10","guid":{"rendered":"https:\/\/fmtinkunaco.ar\/?p=6963"},"modified":"2024-12-23T14:09:39","modified_gmt":"2024-12-23T17:09:39","slug":"app-benja-aprende-la-aplicacion-disenada-para-apoyar-a-personas-con-diversas-capacidades","status":"publish","type":"post","link":"https:\/\/fmtinkunaco.ar\/?p=6963","title":{"rendered":"App Benja Aprend\u00e9, la aplicaci\u00f3n dise\u00f1ada para apoyar a personas con diversas capacidades"},"content":{"rendered":"\n<p>La Aplicaci\u00f3n Benja Aprende, es una aplicaci\u00f3n dise\u00f1ada por Gisela y Alejandro, pap\u00e1s de un ni\u00f1o con TEA y que esta destinada a infancias con autismo y condiciones de salud que afectan la comunicaci\u00f3n en general.<\/p>\n\n\n\n<p>Gisela Per\u00e9z, es mam\u00e1 de Benja y una de las fundadoras de la App, y comparti\u00f3 su historia y el motivo de lanzar esta herramienta \u201cNosotros, junto con mi marido que es el programador y el dise\u00f1ador de la aplicaci\u00f3n tenemos un ni\u00f1o con autismo que se llama Benja, por eso el nombre de la aplicaci\u00f3n es en honor a \u00e9l y mi marido inicio con esta historia hace unos a\u00f1os atr\u00e1s. Justamente en el 2020, en a\u00f1o de pandemia, empez\u00f3 a querer gestar este proyecto, hubo algunas trabas pero como estabamos en epoca de encierro, el empezo a meterse de llen\u00f3 en la programaci\u00f3n\u201d.<\/p>\n\n\n\n<p>Adem\u00e1s, P\u00e9rez, describi\u00f3 el dise\u00f1o de la aplicaci\u00f3n \u201cEsta aplicaci\u00f3n que tiene multiples funciones, y adem\u00e1s ahora hay una actualizaci\u00f3n que tiene la posibilidad de tener m\u00e1s pictogramas todav\u00eda, cuenta con 300 pictogramas, entre ellos todo lo que tiene que ver con emergencias, cuestiones de salud que es tan importante porque muchas veces podemos encontrarnos con ni\u00f1os con Autismo, ni\u00f1os, j\u00f3venes, adultos, que no saben o no pueden comunicar si tienen alguna dolencia o alguna cuesti\u00f3n fisica, entonces a traves de diferentes pictogramas de dolencias fisicas pueden llegar a comunicarlo\u201d.<\/p>\n\n\n\n<p><br>Gisela P\u00e9rez, finalmente, explic\u00f3 la importancia de la existencia de una app de estas caracteristicas \u201cAyuda mucho el tema de los pictogramas, porque para ellos para cualquier chico con TEA en especial cuando no hablan es muy importante organizarles el d\u00eda a d\u00eda con im\u00e1genes ya que ellos fijan mucho la atenci\u00f3n en im\u00e1genes entonces refuerza lo verbal, no dejamos de estimular lo verbal pero nos apoyamos mucho en la imagen\u201d.<\/p>\n\n\n\n<p>Esta App est\u00e1 disponible para descargar desde Play Store de forma gratuita, mediante este link <a href=\"https:\/\/play.google.com\/store\/apps\/details?id=appinventor.ai_benjaaprendeapp.InclusiARTEA&amp;pli=1\">https:\/\/play.google.com\/store\/apps\/details?id=appinventor.ai_benjaaprendeapp.InclusiARTEA&amp;pli=1<\/a><\/p>\n\n\n\n<p>Compartimos la entrevista completa<\/p>\n\n\n\n<p><a href=\"https:\/\/archive.org\/details\/audio-gisela-perez\">Descargar<\/a><\/p>\n\n\n<p><iframe loading=\"lazy\" src=\"https:\/\/archive.org\/embed\/audio-gisela-perez\" width=\"500\" height=\"60\" frameborder=\"0\" webkitallowfullscreen=\"true\" mozallowfullscreen=\"true\" allowfullscreen><\/iframe><\/p>","protected":false},"excerpt":{"rendered":"<p>La Aplicaci\u00f3n Benja Aprende, es una aplicaci\u00f3n dise\u00f1ada por Gisela y Alejandro, pap\u00e1s de un ni\u00f1o con TEA y que esta destinada a infancias con autismo y condiciones de salud que afectan la comunicaci\u00f3n en general. Gisela Per\u00e9z, es mam\u00e1 de Benja y una de las fundadoras de la App, y comparti\u00f3 su historia y [&hellip;]<\/p>\n","protected":false},"author":1,"featured_media":6964,"comment_status":"open","ping_status":"open","sticky":false,"template":"","format":"standard","meta":{"footnotes":""},"categories":[1],"tags":[],"class_list":["post-6963","post","type-post","status-publish","format-standard","has-post-thumbnail","hentry","category-blog"],"_links":{"self":[{"href":"https:\/\/fmtinkunaco.ar\/index.php?rest_route=\/wp\/v2\/posts\/6963","targetHints":{"allow":["GET"]}}],"collection":[{"href":"https:\/\/fmtinkunaco.ar\/index.php?rest_route=\/wp\/v2\/posts"}],"about":[{"href":"https:\/\/fmtinkunaco.ar\/index.php?rest_route=\/wp\/v2\/types\/post"}],"author":[{"embeddable":true,"href":"https:\/\/fmtinkunaco.ar\/index.php?rest_route=\/wp\/v2\/users\/1"}],"replies":[{"embeddable":true,"href":"https:\/\/fmtinkunaco.ar\/index.php?rest_route=%2Fwp%2Fv2%2Fcomments&post=6963"}],"version-history":[{"count":2,"href":"https:\/\/fmtinkunaco.ar\/index.php?rest_route=\/wp\/v2\/posts\/6963\/revisions"}],"predecessor-version":[{"id":6967,"href":"https:\/\/fmtinkunaco.ar\/index.php?rest_route=\/wp\/v2\/posts\/6963\/revisions\/6967"}],"wp:featuredmedia":[{"embeddable":true,"href":"https:\/\/fmtinkunaco.ar\/index.php?rest_route=\/wp\/v2\/media\/6964"}],"wp:attachment":[{"href":"https:\/\/fmtinkunaco.ar\/index.php?rest_route=%2Fwp%2Fv2%2Fmedia&parent=6963"}],"wp:term":[{"taxonomy":"category","embeddable":true,"href":"https:\/\/fmtinkunaco.ar\/index.php?rest_route=%2Fwp%2Fv2%2Fcategories&post=6963"},{"taxonomy":"post_tag","embeddable":true,"href":"https:\/\/fmtinkunaco.ar\/index.php?rest_route=%2Fwp%2Fv2%2Ftags&post=6963"}],"curies":[{"name":"wp","href":"https:\/\/api.w.org\/{rel}","templated":true}]}}