{"id":6971,"date":"2025-02-06T10:46:58","date_gmt":"2025-02-06T13:46:58","guid":{"rendered":"https:\/\/fmtinkunaco.ar\/?p=6971"},"modified":"2025-02-06T10:46:58","modified_gmt":"2025-02-06T13:46:58","slug":"mujer-desaparecida-en-alejandro-korn","status":"publish","type":"post","link":"https:\/\/fmtinkunaco.ar\/?p=6971","title":{"rendered":"Mujer Desaparecida en Alejandro Korn"},"content":{"rendered":"\n<p>A dos meses de su desaparici\u00f3n, familiares y diferentes organizaciones de Alejandra Korn organizan una nueva movilizaci\u00f3n en pedido de la aparici\u00f3n de Alejandra Rodr\u00edguez, mujer desaparecida en diciembre del 2024.<\/p>\n\n\n\n<p>Veronica, prima de Alejandra, comentaba \u201c<em>Mi prima siempre con una sonrisa, siempre tratando de ayudar al otro (\u2026) hay dos nenes que no tienen a su mam\u00e1, hay una familia que la est\u00e1 esperando, primos, t\u00edos y la comunidad de Alejandro Korn, compa\u00f1eros, vecinos, todos esperando encontrar a Ale\u201d.<\/em><\/p>\n\n\n\n<p>El pr\u00f3ximo 7 de febrero, a las 18, habr\u00e1 una movilizaci\u00f3n, desde la Ruta 210 y la avenida Pte. Per\u00f3n hasta el Centro C\u00edvico de Alejandro Korn, para reclamar la aparici\u00f3n con vida de Alejandra Rodr\u00edguez.<\/p>\n\n\n\n<p>Compartimos la entrevista completa<\/p>\n\n\n\n<p>Entrevista completa<\/p>\n\n\n<p><iframe loading=\"lazy\" src=\"https:\/\/archive.org\/embed\/entrevista-veronica-prima-de-alejandra-desaparecida-05-02-24\" width=\"500\" height=\"60\" frameborder=\"0\" webkitallowfullscreen=\"true\" mozallowfullscreen=\"true\" allowfullscreen><\/iframe><\/p>\n\n\n<p><a href=\"https:\/\/archive.org\/details\/entrevista-veronica-prima-de-alejandra-desaparecida-05-02-24\" data-type=\"link\" data-id=\"https:\/\/archive.org\/details\/entrevista-veronica-prima-de-alejandra-desaparecida-05-02-24\">Descargar<\/a> <\/p>\n","protected":false},"excerpt":{"rendered":"<p>A dos meses de su desaparici\u00f3n, familiares y diferentes organizaciones de Alejandra Korn organizan una nueva movilizaci\u00f3n en pedido de la aparici\u00f3n de Alejandra Rodr\u00edguez, mujer desaparecida en diciembre del 2024. Veronica, prima de Alejandra, comentaba \u201cMi prima siempre con una sonrisa, siempre tratando de ayudar al otro (\u2026) hay dos nenes que no tienen [&hellip;]<\/p>\n","protected":false},"author":1,"featured_media":6972,"comment_status":"open","ping_status":"open","sticky":false,"template":"","format":"standard","meta":{"footnotes":""},"categories":[1],"tags":[],"class_list":["post-6971","post","type-post","status-publish","format-standard","has-post-thumbnail","hentry","category-blog"],"_links":{"self":[{"href":"https:\/\/fmtinkunaco.ar\/index.php?rest_route=\/wp\/v2\/posts\/6971","targetHints":{"allow":["GET"]}}],"collection":[{"href":"https:\/\/fmtinkunaco.ar\/index.php?rest_route=\/wp\/v2\/posts"}],"about":[{"href":"https:\/\/fmtinkunaco.ar\/index.php?rest_route=\/wp\/v2\/types\/post"}],"author":[{"embeddable":true,"href":"https:\/\/fmtinkunaco.ar\/index.php?rest_route=\/wp\/v2\/users\/1"}],"replies":[{"embeddable":true,"href":"https:\/\/fmtinkunaco.ar\/index.php?rest_route=%2Fwp%2Fv2%2Fcomments&post=6971"}],"version-history":[{"count":1,"href":"https:\/\/fmtinkunaco.ar\/index.php?rest_route=\/wp\/v2\/posts\/6971\/revisions"}],"predecessor-version":[{"id":6973,"href":"https:\/\/fmtinkunaco.ar\/index.php?rest_route=\/wp\/v2\/posts\/6971\/revisions\/6973"}],"wp:featuredmedia":[{"embeddable":true,"href":"https:\/\/fmtinkunaco.ar\/index.php?rest_route=\/wp\/v2\/media\/6972"}],"wp:attachment":[{"href":"https:\/\/fmtinkunaco.ar\/index.php?rest_route=%2Fwp%2Fv2%2Fmedia&parent=6971"}],"wp:term":[{"taxonomy":"category","embeddable":true,"href":"https:\/\/fmtinkunaco.ar\/index.php?rest_route=%2Fwp%2Fv2%2Fcategories&post=6971"},{"taxonomy":"post_tag","embeddable":true,"href":"https:\/\/fmtinkunaco.ar\/index.php?rest_route=%2Fwp%2Fv2%2Ftags&post=6971"}],"curies":[{"name":"wp","href":"https:\/\/api.w.org\/{rel}","templated":true}]}}