{"id":6974,"date":"2025-02-11T10:26:46","date_gmt":"2025-02-11T13:26:46","guid":{"rendered":"https:\/\/fmtinkunaco.ar\/?p=6974"},"modified":"2025-02-11T11:11:53","modified_gmt":"2025-02-11T14:11:53","slug":"despidos-en-el-ministerio-de-salud-de-la-nacion","status":"publish","type":"post","link":"https:\/\/fmtinkunaco.ar\/?p=6974","title":{"rendered":"Despidos en el Ministerio de Salud de la Naci\u00f3n"},"content":{"rendered":"\n<p>M\u00e1s de 360 despidos en el Ministerio Nacional de la Salud se suman al vaciamiento de servicios de salud p\u00fablica a nivel nacional.<\/p>\n\n\n\n<p>En comunicaci\u00f3n con un trabajador despedido de la Direcci\u00f3n de Respuesta al VIH, ITS, Hepatitis Virales y Tuberculosis, explicaba sobre la situaci\u00f3n \u201c<em>la sumatoria durante 2024 de inestabilidad laboral con renovaci\u00f3n cada tres meses, falta de lineamientos y pol\u00edticas p\u00fablicas, faltantes cr\u00edticos de insumos clave hizo que sea realmente muy complicado el trabajo durante todo el a\u00f1o\u201d.<\/em><\/p>\n\n\n\n<p>Sobre los despidos, continuo con c\u00f3mo dieron con las bajas \u201c<em>Sale un listado que todos nosotros nos renovaron solamente hasta el 31 de enero, ah\u00ed los gremios comienzan negociaciones con las autoridades pero ni de las autoridades ni de los gremios tenemos informaci\u00f3n de la situaci\u00f3n o de las negociaciones. No hay respuesta ni de las autoridades, ni de los gremios (\u2026) el 30 de enero circula un informe oficial pero por v\u00eda no oficial, por WhatsApp, donde figura las renovaciones de todo el personal del ministerio. Donde las Direcciones de VIH y algunos otros sectores hab\u00eda un 40% del personal figuraba baja el 31 de enero. No tuvimos ninguna informaci\u00f3n o notificaci\u00f3n oficial y nos terminamos enterando pr\u00e1cticamente 24 horas antes\u201d.<\/em><\/p>\n\n\n\n<p>Frente a las medidas de vaciamiento y recortes por parte del Gobierno Nacional en\u00a0 servicios de salud, los trabajadores de salud continuaran organizando acciones de lucha y asambleas en conjunto.<\/p>\n\n\n\n<p>Entrevista Completa<\/p>\n\n\n<p><iframe loading=\"lazy\" src=\"https:\/\/archive.org\/embed\/entrevista-sergio-martini-06-02-24\" width=\"500\" height=\"60\" frameborder=\"0\" webkitallowfullscreen=\"true\" mozallowfullscreen=\"true\" allowfullscreen><\/iframe><\/p>\n\n\n<p><a href=\"https:\/\/archive.org\/details\/entrevista-sergio-martini-06-02-24\" data-type=\"link\" data-id=\"https:\/\/archive.org\/details\/entrevista-sergio-martini-06-02-24\">Descargar<\/a><\/p>\n","protected":false},"excerpt":{"rendered":"<p>M\u00e1s de 360 despidos en el Ministerio Nacional de la Salud se suman al vaciamiento de servicios de salud p\u00fablica a nivel nacional. En comunicaci\u00f3n con un trabajador despedido de la Direcci\u00f3n de Respuesta al VIH, ITS, Hepatitis Virales y Tuberculosis, explicaba sobre la situaci\u00f3n \u201cla sumatoria durante 2024 de inestabilidad laboral con renovaci\u00f3n cada [&hellip;]<\/p>\n","protected":false},"author":1,"featured_media":6975,"comment_status":"open","ping_status":"open","sticky":false,"template":"","format":"standard","meta":{"footnotes":""},"categories":[1],"tags":[],"class_list":["post-6974","post","type-post","status-publish","format-standard","has-post-thumbnail","hentry","category-blog"],"_links":{"self":[{"href":"https:\/\/fmtinkunaco.ar\/index.php?rest_route=\/wp\/v2\/posts\/6974","targetHints":{"allow":["GET"]}}],"collection":[{"href":"https:\/\/fmtinkunaco.ar\/index.php?rest_route=\/wp\/v2\/posts"}],"about":[{"href":"https:\/\/fmtinkunaco.ar\/index.php?rest_route=\/wp\/v2\/types\/post"}],"author":[{"embeddable":true,"href":"https:\/\/fmtinkunaco.ar\/index.php?rest_route=\/wp\/v2\/users\/1"}],"replies":[{"embeddable":true,"href":"https:\/\/fmtinkunaco.ar\/index.php?rest_route=%2Fwp%2Fv2%2Fcomments&post=6974"}],"version-history":[{"count":2,"href":"https:\/\/fmtinkunaco.ar\/index.php?rest_route=\/wp\/v2\/posts\/6974\/revisions"}],"predecessor-version":[{"id":6982,"href":"https:\/\/fmtinkunaco.ar\/index.php?rest_route=\/wp\/v2\/posts\/6974\/revisions\/6982"}],"wp:featuredmedia":[{"embeddable":true,"href":"https:\/\/fmtinkunaco.ar\/index.php?rest_route=\/wp\/v2\/media\/6975"}],"wp:attachment":[{"href":"https:\/\/fmtinkunaco.ar\/index.php?rest_route=%2Fwp%2Fv2%2Fmedia&parent=6974"}],"wp:term":[{"taxonomy":"category","embeddable":true,"href":"https:\/\/fmtinkunaco.ar\/index.php?rest_route=%2Fwp%2Fv2%2Fcategories&post=6974"},{"taxonomy":"post_tag","embeddable":true,"href":"https:\/\/fmtinkunaco.ar\/index.php?rest_route=%2Fwp%2Fv2%2Ftags&post=6974"}],"curies":[{"name":"wp","href":"https:\/\/api.w.org\/{rel}","templated":true}]}}