{"id":6977,"date":"2025-02-11T11:08:44","date_gmt":"2025-02-11T14:08:44","guid":{"rendered":"https:\/\/fmtinkunaco.ar\/?p=6977"},"modified":"2025-02-11T11:08:44","modified_gmt":"2025-02-11T14:08:44","slug":"arrancan-las-visitas-guiadas-educativas-en-la-reserva-natural-del-pilar","status":"publish","type":"post","link":"https:\/\/fmtinkunaco.ar\/?p=6977","title":{"rendered":"Arrancan las visitas guiadas educativas en la Reserva Natural del Pilar"},"content":{"rendered":"\n<p>En este 2025 vuelven las visitas guiadas dentro de la Reserva Natural del Pilar, apuntadas a establecimientos educativos de los niveles primario, secundario o terciario.<\/p>\n\n\n\n<p>Las visitas se realizan en el marco de la Ley Nacional de Educaci\u00f3n Ambiental. Con respecto a esto, Graciela Capodoglio, Presidenta de la Reserva, comentaba que la idea de las visitas \u201c<em>Plantea la necesidad de que, en todos los niveles, en todas las \u00e1reas, en todas las materias se trabajen los temas de educaci\u00f3n ambiental, en ese marco se vuelve trascendente que las escuelas y docentes lleven sus chicos a \u00e1reas protegidas\u201d.<\/em><\/p>\n\n\n\n<p>Si sos docente y te gustar\u00eda reservar una fecha, te invitamos a comunicarte al 11 5730-2504.<\/p>\n\n\n\n<p>Compartimos el audio<\/p>\n\n\n<p><iframe loading=\"lazy\" src=\"https:\/\/archive.org\/embed\/audio-graciela-capodoglio-escuelas-28-02-2025\" width=\"500\" height=\"60\" frameborder=\"0\" webkitallowfullscreen=\"true\" mozallowfullscreen=\"true\" allowfullscreen><\/iframe><\/p>\n\n\n<p><a href=\"https:\/\/archive.org\/details\/audio-graciela-capodoglio-escuelas-28-02-2025\" data-type=\"link\" data-id=\"https:\/\/archive.org\/details\/audio-graciela-capodoglio-escuelas-28-02-2025\">Descargar<\/a><\/p>\n","protected":false},"excerpt":{"rendered":"<p>En este 2025 vuelven las visitas guiadas dentro de la Reserva Natural del Pilar, apuntadas a establecimientos educativos de los niveles primario, secundario o terciario. Las visitas se realizan en el marco de la Ley Nacional de Educaci\u00f3n Ambiental. Con respecto a esto, Graciela Capodoglio, Presidenta de la Reserva, comentaba que la idea de las [&hellip;]<\/p>\n","protected":false},"author":1,"featured_media":6978,"comment_status":"open","ping_status":"open","sticky":false,"template":"","format":"standard","meta":{"footnotes":""},"categories":[1],"tags":[],"class_list":["post-6977","post","type-post","status-publish","format-standard","has-post-thumbnail","hentry","category-blog"],"_links":{"self":[{"href":"https:\/\/fmtinkunaco.ar\/index.php?rest_route=\/wp\/v2\/posts\/6977","targetHints":{"allow":["GET"]}}],"collection":[{"href":"https:\/\/fmtinkunaco.ar\/index.php?rest_route=\/wp\/v2\/posts"}],"about":[{"href":"https:\/\/fmtinkunaco.ar\/index.php?rest_route=\/wp\/v2\/types\/post"}],"author":[{"embeddable":true,"href":"https:\/\/fmtinkunaco.ar\/index.php?rest_route=\/wp\/v2\/users\/1"}],"replies":[{"embeddable":true,"href":"https:\/\/fmtinkunaco.ar\/index.php?rest_route=%2Fwp%2Fv2%2Fcomments&post=6977"}],"version-history":[{"count":1,"href":"https:\/\/fmtinkunaco.ar\/index.php?rest_route=\/wp\/v2\/posts\/6977\/revisions"}],"predecessor-version":[{"id":6979,"href":"https:\/\/fmtinkunaco.ar\/index.php?rest_route=\/wp\/v2\/posts\/6977\/revisions\/6979"}],"wp:featuredmedia":[{"embeddable":true,"href":"https:\/\/fmtinkunaco.ar\/index.php?rest_route=\/wp\/v2\/media\/6978"}],"wp:attachment":[{"href":"https:\/\/fmtinkunaco.ar\/index.php?rest_route=%2Fwp%2Fv2%2Fmedia&parent=6977"}],"wp:term":[{"taxonomy":"category","embeddable":true,"href":"https:\/\/fmtinkunaco.ar\/index.php?rest_route=%2Fwp%2Fv2%2Fcategories&post=6977"},{"taxonomy":"post_tag","embeddable":true,"href":"https:\/\/fmtinkunaco.ar\/index.php?rest_route=%2Fwp%2Fv2%2Ftags&post=6977"}],"curies":[{"name":"wp","href":"https:\/\/api.w.org\/{rel}","templated":true}]}}