{"id":6983,"date":"2025-02-14T11:06:53","date_gmt":"2025-02-14T14:06:53","guid":{"rendered":"https:\/\/fmtinkunaco.ar\/?p=6983"},"modified":"2025-02-14T11:06:53","modified_gmt":"2025-02-14T14:06:53","slug":"marcha-de-la-resistencia-una-memoria-que-arde-una-lucha-que-no-se-apaga","status":"publish","type":"post","link":"https:\/\/fmtinkunaco.ar\/?p=6983","title":{"rendered":"Marcha de la Resistencia \u201cUna Memoria que arde, una lucha que no se apaga\u201d"},"content":{"rendered":"\n<p>Diferentes organismos sociales junto con las Madres de Plaza de Mayo est\u00e1n organizando una marcha para el d\u00eda de hoy &nbsp;que durar\u00e1 24 horas, desde hoy viernes 14\/02 a las 17hs hasta ma\u00f1ana s\u00e1bado 15\/02 a las 17hs, Plaza de Mayo.<\/p>\n\n\n\n<p>Marta Ocampo, referente por la lucha de los Derechos Humanos, comentaba \u201c<em>es urgente, es una marcha que se viene sosteniendo ya desde hace mucho, necesitamos que se haga m\u00e1s masiva (\u2026) entendiendo el contexto que estamos atravesando los mensajes de odio de un gobierno<\/em>\u201d.<\/p>\n\n\n\n<p>La marcha se presenta como s\u00edmbolo de resistencia al discurso negacionista del Gobierno de Javier Milei, reivindicando la importancia de sostener el legado de las Madres y la lucha de los sectores populares.<\/p>\n\n\n\n<p>Audio completo<\/p>\n\n\n<p><iframe loading=\"lazy\" src=\"https:\/\/archive.org\/embed\/audio-marta-ocampo\" width=\"500\" height=\"60\" frameborder=\"0\" webkitallowfullscreen=\"true\" mozallowfullscreen=\"true\" allowfullscreen><\/iframe><\/p>\n\n\n<p><em><a href=\"https:\/\/archive.org\/details\/audio-marta-ocampo\" data-type=\"link\" data-id=\"https:\/\/archive.org\/details\/audio-marta-ocampo\">Descargar <\/a><\/em><\/p>\n","protected":false},"excerpt":{"rendered":"<p>Diferentes organismos sociales junto con las Madres de Plaza de Mayo est\u00e1n organizando una marcha para el d\u00eda de hoy &nbsp;que durar\u00e1 24 horas, desde hoy viernes 14\/02 a las 17hs hasta ma\u00f1ana s\u00e1bado 15\/02 a las 17hs, Plaza de Mayo. Marta Ocampo, referente por la lucha de los Derechos Humanos, comentaba \u201ces urgente, es [&hellip;]<\/p>\n","protected":false},"author":1,"featured_media":6984,"comment_status":"open","ping_status":"open","sticky":false,"template":"","format":"standard","meta":{"footnotes":""},"categories":[1],"tags":[],"class_list":["post-6983","post","type-post","status-publish","format-standard","has-post-thumbnail","hentry","category-blog"],"_links":{"self":[{"href":"https:\/\/fmtinkunaco.ar\/index.php?rest_route=\/wp\/v2\/posts\/6983","targetHints":{"allow":["GET"]}}],"collection":[{"href":"https:\/\/fmtinkunaco.ar\/index.php?rest_route=\/wp\/v2\/posts"}],"about":[{"href":"https:\/\/fmtinkunaco.ar\/index.php?rest_route=\/wp\/v2\/types\/post"}],"author":[{"embeddable":true,"href":"https:\/\/fmtinkunaco.ar\/index.php?rest_route=\/wp\/v2\/users\/1"}],"replies":[{"embeddable":true,"href":"https:\/\/fmtinkunaco.ar\/index.php?rest_route=%2Fwp%2Fv2%2Fcomments&post=6983"}],"version-history":[{"count":1,"href":"https:\/\/fmtinkunaco.ar\/index.php?rest_route=\/wp\/v2\/posts\/6983\/revisions"}],"predecessor-version":[{"id":6985,"href":"https:\/\/fmtinkunaco.ar\/index.php?rest_route=\/wp\/v2\/posts\/6983\/revisions\/6985"}],"wp:featuredmedia":[{"embeddable":true,"href":"https:\/\/fmtinkunaco.ar\/index.php?rest_route=\/wp\/v2\/media\/6984"}],"wp:attachment":[{"href":"https:\/\/fmtinkunaco.ar\/index.php?rest_route=%2Fwp%2Fv2%2Fmedia&parent=6983"}],"wp:term":[{"taxonomy":"category","embeddable":true,"href":"https:\/\/fmtinkunaco.ar\/index.php?rest_route=%2Fwp%2Fv2%2Fcategories&post=6983"},{"taxonomy":"post_tag","embeddable":true,"href":"https:\/\/fmtinkunaco.ar\/index.php?rest_route=%2Fwp%2Fv2%2Ftags&post=6983"}],"curies":[{"name":"wp","href":"https:\/\/api.w.org\/{rel}","templated":true}]}}