{"id":6986,"date":"2025-02-18T13:03:22","date_gmt":"2025-02-18T16:03:22","guid":{"rendered":"https:\/\/fmtinkunaco.ar\/?p=6986"},"modified":"2025-02-19T08:50:24","modified_gmt":"2025-02-19T11:50:24","slug":"trabajadores-de-linde-praxair-denuncian-despidos-discriminatorios","status":"publish","type":"post","link":"https:\/\/fmtinkunaco.ar\/?p=6986","title":{"rendered":"Trabajadores de Linde Praxair denuncian despidos discriminatorios"},"content":{"rendered":"\n<p>La empresa de gas Linde Praxair cuenta ya con un historial de pr\u00e1cticas y medidas antisindicales, en esta ocasi\u00f3n se trata de 10 trabajadores despedidos, de los cuales algunos eran ex delegados o activistas gremiales de la Planta General de Pacheco. &nbsp;&nbsp;<\/p>\n\n\n\n<p>Con la colaboraci\u00f3n del resto de las Plantas en Pilar, Avellaneda, Ensenada y Lan\u00fas se realizaron diferentes medidas de luchas en reclamo de estas medidas persecutorias y antisindicales.<\/p>\n\n\n<div class=\"wp-block-image\">\n<figure class=\"aligncenter size-full is-resized\"><img loading=\"lazy\" decoding=\"async\" width=\"275\" height=\"183\" src=\"https:\/\/fmtinkunaco.ar\/wp-content\/uploads\/2025\/02\/WhatsApp-Image-2025-02-18-at-12.42.06.jpeg\" alt=\"\" class=\"wp-image-6988\" style=\"aspect-ratio:1.5027322404371584;width:438px;height:auto\"\/><\/figure>\n<\/div>\n\n\n<p>Con respecto a las medidas, Adri\u00e1n, trabajador de la empresa, expresaba \u201c<em>Llamamos autom\u00e1ticamente a las 4 plantas del conurbano bonaerense y activamos una parada de planta en todas, con asambleas permanente en medida de represalia para contrarrestar estos despidos<\/em> (\u2026) <em>Nos tenemos que defender entre trabajadores y no nos importa de d\u00f3nde viene el apoyo, para nosotros todos son fundamentales para llevar a cabo una lucha\u201d.<\/em><\/p>\n\n\n\n<p>Adem\u00e1s, tambi\u00e9n lograron llevar a cabo un corte en 197 y Panamericana con la colaboraci\u00f3n y participaci\u00f3n de distintas organizaciones sociales y sindicales.<\/p>\n\n\n\n<p>A partir de esto, el Ministerio de trabajo dict\u00f3 la conciliaci\u00f3n obligatoria, sin embargo la empresa no cumple con lo dictaminado, enfrent\u00e1ndose a multas millonarias.<\/p>\n\n\n\n<p>Los trabajares contin\u00faan a la espera de una pr\u00f3xima audiencia en el Ministerio para poder llegar a un acuerdo.<\/p>\n\n\n\n<p><\/p>\n","protected":false},"excerpt":{"rendered":"<p>La empresa de gas Linde Praxair cuenta ya con un historial de pr\u00e1cticas y medidas antisindicales, en esta ocasi\u00f3n se trata de 10 trabajadores despedidos, de los cuales algunos eran ex delegados o activistas gremiales de la Planta General de Pacheco. &nbsp;&nbsp; Con la colaboraci\u00f3n del resto de las Plantas en Pilar, Avellaneda, Ensenada y [&hellip;]<\/p>\n","protected":false},"author":1,"featured_media":6987,"comment_status":"open","ping_status":"open","sticky":false,"template":"","format":"standard","meta":{"footnotes":""},"categories":[1],"tags":[],"class_list":["post-6986","post","type-post","status-publish","format-standard","has-post-thumbnail","hentry","category-blog"],"_links":{"self":[{"href":"https:\/\/fmtinkunaco.ar\/index.php?rest_route=\/wp\/v2\/posts\/6986","targetHints":{"allow":["GET"]}}],"collection":[{"href":"https:\/\/fmtinkunaco.ar\/index.php?rest_route=\/wp\/v2\/posts"}],"about":[{"href":"https:\/\/fmtinkunaco.ar\/index.php?rest_route=\/wp\/v2\/types\/post"}],"author":[{"embeddable":true,"href":"https:\/\/fmtinkunaco.ar\/index.php?rest_route=\/wp\/v2\/users\/1"}],"replies":[{"embeddable":true,"href":"https:\/\/fmtinkunaco.ar\/index.php?rest_route=%2Fwp%2Fv2%2Fcomments&post=6986"}],"version-history":[{"count":3,"href":"https:\/\/fmtinkunaco.ar\/index.php?rest_route=\/wp\/v2\/posts\/6986\/revisions"}],"predecessor-version":[{"id":6991,"href":"https:\/\/fmtinkunaco.ar\/index.php?rest_route=\/wp\/v2\/posts\/6986\/revisions\/6991"}],"wp:featuredmedia":[{"embeddable":true,"href":"https:\/\/fmtinkunaco.ar\/index.php?rest_route=\/wp\/v2\/media\/6987"}],"wp:attachment":[{"href":"https:\/\/fmtinkunaco.ar\/index.php?rest_route=%2Fwp%2Fv2%2Fmedia&parent=6986"}],"wp:term":[{"taxonomy":"category","embeddable":true,"href":"https:\/\/fmtinkunaco.ar\/index.php?rest_route=%2Fwp%2Fv2%2Fcategories&post=6986"},{"taxonomy":"post_tag","embeddable":true,"href":"https:\/\/fmtinkunaco.ar\/index.php?rest_route=%2Fwp%2Fv2%2Ftags&post=6986"}],"curies":[{"name":"wp","href":"https:\/\/api.w.org\/{rel}","templated":true}]}}