{"id":6992,"date":"2025-02-19T11:32:26","date_gmt":"2025-02-19T14:32:26","guid":{"rendered":"https:\/\/fmtinkunaco.ar\/?p=6992"},"modified":"2025-02-19T13:27:05","modified_gmt":"2025-02-19T16:27:05","slug":"jose-c-paz-conductor-borracho-choco-y-mato-a-dos-jovenes-que-iban-en-moto","status":"publish","type":"post","link":"https:\/\/fmtinkunaco.ar\/?p=6992","title":{"rendered":"Jos\u00e9 C. Paz: Conductor borracho choc\u00f3 y mat\u00f3 a dos j\u00f3venes que iban en moto"},"content":{"rendered":"\n<p>El hecho ocurri\u00f3 en la calle Luis Mar\u00eda Drago en la noche del pasado s\u00e1bado 4 de enero, Mauro Garayo y Melanie Guzm\u00e1n, dos j\u00f3venes de entre 21 y 22 a\u00f1os iban en moto hasta que fueron embestidos por una camioneta que se cruz\u00f3 de carril.<\/p>\n\n\n\n<p>Johnny Meneces, conductor &nbsp;de la camioneta, iba alcoholizado y a alta velocidad cuando intento sobrepasar a los autos que ten\u00eda delante y choc\u00f3 con los j\u00f3venes.<\/p>\n\n\n\n<p>Marcela, hermana de Melanie, contaba \u201c<em>Cuando \u00e9l da el impulso para pasar a los autos que ven\u00edan es donde choca con los chicos, \u00e9l se adelanta a los 3 autos y de frente ya ven\u00edan los chicos (\u2026) \u00c9l los choc\u00f3, del impacto exploto la moto y se prendi\u00f3 fuego la camioneta\u201d.<\/em><\/p>\n\n\n\n<p>Adem\u00e1s, la familia de las victimas movilizan en reclamo de justicia y buscan cambiar de caratula el caso, de Homicidio Culposo a Homicidio Simpe con Dolo Eventual para poder contar con una pena de 8 a 25 a\u00f1os de c\u00e1rcel.<\/p>\n\n\n\n<p>Convocan a marchar el pr\u00f3ximo 4 de Marzo con lugar y horario a definir, ya que se cumplir\u00edan 2 meses del suceso.<\/p>\n","protected":false},"excerpt":{"rendered":"<p>El hecho ocurri\u00f3 en la calle Luis Mar\u00eda Drago en la noche del pasado s\u00e1bado 4 de enero, Mauro Garayo y Melanie Guzm\u00e1n, dos j\u00f3venes de entre 21 y 22 a\u00f1os iban en moto hasta que fueron embestidos por una camioneta que se cruz\u00f3 de carril. Johnny Meneces, conductor &nbsp;de la camioneta, iba alcoholizado y [&hellip;]<\/p>\n","protected":false},"author":1,"featured_media":6993,"comment_status":"open","ping_status":"open","sticky":false,"template":"","format":"standard","meta":{"footnotes":""},"categories":[1],"tags":[],"class_list":["post-6992","post","type-post","status-publish","format-standard","has-post-thumbnail","hentry","category-blog"],"_links":{"self":[{"href":"https:\/\/fmtinkunaco.ar\/index.php?rest_route=\/wp\/v2\/posts\/6992","targetHints":{"allow":["GET"]}}],"collection":[{"href":"https:\/\/fmtinkunaco.ar\/index.php?rest_route=\/wp\/v2\/posts"}],"about":[{"href":"https:\/\/fmtinkunaco.ar\/index.php?rest_route=\/wp\/v2\/types\/post"}],"author":[{"embeddable":true,"href":"https:\/\/fmtinkunaco.ar\/index.php?rest_route=\/wp\/v2\/users\/1"}],"replies":[{"embeddable":true,"href":"https:\/\/fmtinkunaco.ar\/index.php?rest_route=%2Fwp%2Fv2%2Fcomments&post=6992"}],"version-history":[{"count":3,"href":"https:\/\/fmtinkunaco.ar\/index.php?rest_route=\/wp\/v2\/posts\/6992\/revisions"}],"predecessor-version":[{"id":6996,"href":"https:\/\/fmtinkunaco.ar\/index.php?rest_route=\/wp\/v2\/posts\/6992\/revisions\/6996"}],"wp:featuredmedia":[{"embeddable":true,"href":"https:\/\/fmtinkunaco.ar\/index.php?rest_route=\/wp\/v2\/media\/6993"}],"wp:attachment":[{"href":"https:\/\/fmtinkunaco.ar\/index.php?rest_route=%2Fwp%2Fv2%2Fmedia&parent=6992"}],"wp:term":[{"taxonomy":"category","embeddable":true,"href":"https:\/\/fmtinkunaco.ar\/index.php?rest_route=%2Fwp%2Fv2%2Fcategories&post=6992"},{"taxonomy":"post_tag","embeddable":true,"href":"https:\/\/fmtinkunaco.ar\/index.php?rest_route=%2Fwp%2Fv2%2Ftags&post=6992"}],"curies":[{"name":"wp","href":"https:\/\/api.w.org\/{rel}","templated":true}]}}