{"id":6997,"date":"2025-02-20T13:08:17","date_gmt":"2025-02-20T16:08:17","guid":{"rendered":"https:\/\/fmtinkunaco.ar\/?p=6997"},"modified":"2025-02-20T13:08:17","modified_gmt":"2025-02-20T16:08:17","slug":"festival-alboradas-2025","status":"publish","type":"post","link":"https:\/\/fmtinkunaco.ar\/?p=6997","title":{"rendered":"Festival Alboradas 2025"},"content":{"rendered":"\n<p>El pr\u00f3ximo s\u00e1bado 22 de febrero a las 18hs se viene una nueva edici\u00f3n del Festival Alboradas, organizado por la Tienda de M\u00fasica Alboradas.<\/p>\n\n\n\n<p><br>Este festival contar\u00e1 con stands de feria, m\u00fasica en vivo y muestras de arte. La entrada ser\u00e1 a contribuci\u00f3n de un alimento no perecedero para la Organizaci\u00f3n Ollas de la Calle.<\/p>\n\n\n\n<p><br>Esta organizaci\u00f3n ayuda y asiste a personas en situaci\u00f3n de calle de San Miguel con el aporte de la comunidad, expresaron que siempre cuentan con su colaboraci\u00f3n.<\/p>\n\n\n\n<p><br>El festival tendr\u00e1 lugar en Mondo Bizarro Bar, Alem 5150 (Jos\u00e9 C. Paz).<\/p>\n","protected":false},"excerpt":{"rendered":"<p>El pr\u00f3ximo s\u00e1bado 22 de febrero a las 18hs se viene una nueva edici\u00f3n del Festival Alboradas, organizado por la Tienda de M\u00fasica Alboradas. Este festival contar\u00e1 con stands de feria, m\u00fasica en vivo y muestras de arte. La entrada ser\u00e1 a contribuci\u00f3n de un alimento no perecedero para la Organizaci\u00f3n Ollas de la Calle. [&hellip;]<\/p>\n","protected":false},"author":1,"featured_media":6998,"comment_status":"open","ping_status":"open","sticky":false,"template":"","format":"standard","meta":{"footnotes":""},"categories":[1],"tags":[],"class_list":["post-6997","post","type-post","status-publish","format-standard","has-post-thumbnail","hentry","category-blog"],"_links":{"self":[{"href":"https:\/\/fmtinkunaco.ar\/index.php?rest_route=\/wp\/v2\/posts\/6997","targetHints":{"allow":["GET"]}}],"collection":[{"href":"https:\/\/fmtinkunaco.ar\/index.php?rest_route=\/wp\/v2\/posts"}],"about":[{"href":"https:\/\/fmtinkunaco.ar\/index.php?rest_route=\/wp\/v2\/types\/post"}],"author":[{"embeddable":true,"href":"https:\/\/fmtinkunaco.ar\/index.php?rest_route=\/wp\/v2\/users\/1"}],"replies":[{"embeddable":true,"href":"https:\/\/fmtinkunaco.ar\/index.php?rest_route=%2Fwp%2Fv2%2Fcomments&post=6997"}],"version-history":[{"count":1,"href":"https:\/\/fmtinkunaco.ar\/index.php?rest_route=\/wp\/v2\/posts\/6997\/revisions"}],"predecessor-version":[{"id":6999,"href":"https:\/\/fmtinkunaco.ar\/index.php?rest_route=\/wp\/v2\/posts\/6997\/revisions\/6999"}],"wp:featuredmedia":[{"embeddable":true,"href":"https:\/\/fmtinkunaco.ar\/index.php?rest_route=\/wp\/v2\/media\/6998"}],"wp:attachment":[{"href":"https:\/\/fmtinkunaco.ar\/index.php?rest_route=%2Fwp%2Fv2%2Fmedia&parent=6997"}],"wp:term":[{"taxonomy":"category","embeddable":true,"href":"https:\/\/fmtinkunaco.ar\/index.php?rest_route=%2Fwp%2Fv2%2Fcategories&post=6997"},{"taxonomy":"post_tag","embeddable":true,"href":"https:\/\/fmtinkunaco.ar\/index.php?rest_route=%2Fwp%2Fv2%2Ftags&post=6997"}],"curies":[{"name":"wp","href":"https:\/\/api.w.org\/{rel}","templated":true}]}}