{"id":7000,"date":"2025-02-21T11:35:17","date_gmt":"2025-02-21T14:35:17","guid":{"rendered":"https:\/\/fmtinkunaco.ar\/?p=7000"},"modified":"2025-02-21T11:36:54","modified_gmt":"2025-02-21T14:36:54","slug":"los-polvorines-robo-en-el-merendero-la-colmena-del-sol","status":"publish","type":"post","link":"https:\/\/fmtinkunaco.ar\/?p=7000","title":{"rendered":"Los Polvorines: Robo en el merendero \u201cLa Colmena Del Sol\u201d"},"content":{"rendered":"\n<p>La \u201cColmena del Sol\u201d es un espacio comunitario que ofrece meriendas todos los jueves a infancias del Barrio El Sol, Los Polvorines. La semana pasada fueron v\u00edctimas de un robo, en el cual se llevaron una garrafa y varios elementos de cocina.<\/p>\n\n\n\n<p>Chabela Mi\u00f1o, referente del espacio contaba sobre sus inicios \u201c<em>Aquel momento en el 2001, con todas las luchas que surgieron en ese momento, arrancamos nosotros con un comedor (\u2026) a lo largo de nuestra historia, hemos sostenido este lugar, nuestra sede de manera aut\u00f3noma\u201d.<\/em><\/p>\n\n\n\n<p>Mi\u00f1o, a su vez, mencion\u00f3 c\u00f3mo es su v\u00ednculo con la comunidad \u201c<em>La Colmena de ac\u00e1 est\u00e1 situada en este barrio y todo el mundo la conoce y sabe que lo poco o mucho que tenemos lo hacemos a trav\u00e9s de recursos que nosotros obtenemos. Somos independientes por eso cada una de las cosas que perdemos, o en este caso nos han robado, nos cuesta un mont\u00f3n (\u2026) Siempre estamos recibiendo ayuda de la gente y nosotros a su vez lo hacemos llegar al vecino, a la vecina, a los pibes\u201d.<\/em><\/p>\n\n\n\n<p>Luego de unos d\u00edas, pudieron retomar las meriendas y actividades gracias a donaciones, dentro de ellas dos garrafas nuevas. Sin embargo siguen necesitando elementos para continuar, para poder contribuir pueden comunicarse en sus redes como @Lacolmenadelsol, o enviar donaciones al alias LA.COLMENA1504.UALA (al nombre de Natalia Gonzales).<\/p>\n\n\n\n<p>Por \u00faltimo, el espacio expres\u00f3 que es consciente de que en este contexto, en el cual las medidas del gobierno agudizan las problem\u00e1ticas y la precarizaci\u00f3n se vuelve cada vez m\u00e1s compleja, los robos aumentan en la comunidad.<\/p>\n\n\n\n<p>Entrevista Completa<\/p>\n\n\n<p><iframe loading=\"lazy\" src=\"https:\/\/archive.org\/embed\/entrevista-chabela-20-02-25\" width=\"500\" height=\"60\" frameborder=\"0\" webkitallowfullscreen=\"true\" mozallowfullscreen=\"true\" allowfullscreen><\/iframe><\/p>\n\n\n<p><a href=\"https:\/\/archive.org\/details\/entrevista-chabela-20-02-25\" data-type=\"link\" data-id=\"https:\/\/archive.org\/details\/entrevista-chabela-20-02-25\">Descargar <\/a><\/p>\n","protected":false},"excerpt":{"rendered":"<p>La \u201cColmena del Sol\u201d es un espacio comunitario que ofrece meriendas todos los jueves a infancias del Barrio El Sol, Los Polvorines. La semana pasada fueron v\u00edctimas de un robo, en el cual se llevaron una garrafa y varios elementos de cocina. Chabela Mi\u00f1o, referente del espacio contaba sobre sus inicios \u201cAquel momento en el [&hellip;]<\/p>\n","protected":false},"author":1,"featured_media":7001,"comment_status":"open","ping_status":"open","sticky":false,"template":"","format":"standard","meta":{"footnotes":""},"categories":[1],"tags":[],"class_list":["post-7000","post","type-post","status-publish","format-standard","has-post-thumbnail","hentry","category-blog"],"_links":{"self":[{"href":"https:\/\/fmtinkunaco.ar\/index.php?rest_route=\/wp\/v2\/posts\/7000","targetHints":{"allow":["GET"]}}],"collection":[{"href":"https:\/\/fmtinkunaco.ar\/index.php?rest_route=\/wp\/v2\/posts"}],"about":[{"href":"https:\/\/fmtinkunaco.ar\/index.php?rest_route=\/wp\/v2\/types\/post"}],"author":[{"embeddable":true,"href":"https:\/\/fmtinkunaco.ar\/index.php?rest_route=\/wp\/v2\/users\/1"}],"replies":[{"embeddable":true,"href":"https:\/\/fmtinkunaco.ar\/index.php?rest_route=%2Fwp%2Fv2%2Fcomments&post=7000"}],"version-history":[{"count":2,"href":"https:\/\/fmtinkunaco.ar\/index.php?rest_route=\/wp\/v2\/posts\/7000\/revisions"}],"predecessor-version":[{"id":7003,"href":"https:\/\/fmtinkunaco.ar\/index.php?rest_route=\/wp\/v2\/posts\/7000\/revisions\/7003"}],"wp:featuredmedia":[{"embeddable":true,"href":"https:\/\/fmtinkunaco.ar\/index.php?rest_route=\/wp\/v2\/media\/7001"}],"wp:attachment":[{"href":"https:\/\/fmtinkunaco.ar\/index.php?rest_route=%2Fwp%2Fv2%2Fmedia&parent=7000"}],"wp:term":[{"taxonomy":"category","embeddable":true,"href":"https:\/\/fmtinkunaco.ar\/index.php?rest_route=%2Fwp%2Fv2%2Fcategories&post=7000"},{"taxonomy":"post_tag","embeddable":true,"href":"https:\/\/fmtinkunaco.ar\/index.php?rest_route=%2Fwp%2Fv2%2Ftags&post=7000"}],"curies":[{"name":"wp","href":"https:\/\/api.w.org\/{rel}","templated":true}]}}