{"id":7006,"date":"2025-02-25T13:18:27","date_gmt":"2025-02-25T16:18:27","guid":{"rendered":"https:\/\/fmtinkunaco.ar\/?p=7006"},"modified":"2025-02-26T10:09:14","modified_gmt":"2025-02-26T13:09:14","slug":"ciencia-en-llamas-cientificos-en-estado-de-lucha-y-movilizacion-en-contra-del-ajuste","status":"publish","type":"post","link":"https:\/\/fmtinkunaco.ar\/?p=7006","title":{"rendered":"\u201cCiencia en llamas\u201d Cient\u00edficos en estado de lucha y movilizaci\u00f3n en contra del ajuste"},"content":{"rendered":"\n<p>El 19\/02 se llev\u00f3 a cabo una Jornada de Lucha por parte de trabajadores y becarios del Conicet y de la Agencia Nacional de Investigaci\u00f3n, Desarrollo Productivo e Innovaci\u00f3n. En Buenos Aires, la movilizaci\u00f3n se dio en el Polo Cient\u00edfico (CABA), as\u00ed como tambi\u00e9n se realizaron distintas actividades de lucha en Rosario, C\u00f3rdoba, Posadas y La Plata.<\/p>\n\n\n\n<p>Entre los reclamos destacan el aumento salarial, el incremento en el cupo de becas, retenci\u00f3n de fondos internacionales y ajuste presupuestario.<\/p>\n\n\n\n<p>Francisco Gelman, Delegado de J\u00f3venes Cient\u00edficos Precarizados, mencionaba \u201c<em>Dentro del gran proceso de ajuste que arranca con el cambio de Gobierno, pero los episodios m\u00e1s recientes tienen que ver por un lado con la expulsi\u00f3n de 166 personas por la estrechez de cupo de becas de finalizaci\u00f3n (\u2026) Por otro lado, dentro de la Agencia donde 9 becarios fueron echados por la contradicci\u00f3n interna de la anotaci\u00f3n de la agencia, decidieron darle prioridad a un criterio de cu\u00e1nto tiempo habr\u00edan pasado en el marco de los proyectos. Era un problema de las propias contradicciones normativas del organismo. De ah\u00ed se forma ese gran cupo de 175 personas que quedan en la calle este \u00faltimo mes\u201d<\/em><\/p>\n\n\n\n<p>Exigiendo respuesta de las autoridades, Gelman mencionaba \u201c<em>La dimensi\u00f3n de los canales de di\u00e1logo est\u00e1 en gran medida bloqueado\u201d<\/em>, lo que dificulta la resoluci\u00f3n de las problem\u00e1ticas y contin\u00faa a la espera de una pr\u00f3xima fecha de lucha.<\/p>\n\n\n\n<p>Compartimos la <a href=\"https:\/\/archive.org\/details\/gacetilla-19-2-25-ciencia-en-llamas\" data-type=\"link\" data-id=\"https:\/\/archive.org\/details\/gacetilla-19-2-25-ciencia-en-llamas\">Gacetilla Informativa<\/a> <\/p>\n\n\n\n<p>Entrevista Completa<\/p>\n\n\n\n<p><a href=\"https:\/\/archive.org\/details\/entrevista-francisco-gelman\" data-type=\"link\" data-id=\"https:\/\/archive.org\/details\/entrevista-francisco-gelman\">Descargar <\/a><\/p>\n\n\n<p><iframe loading=\"lazy\" src=\"https:\/\/archive.org\/embed\/entrevista-francisco-gelman\" width=\"500\" height=\"60\" frameborder=\"0\" webkitallowfullscreen=\"true\" mozallowfullscreen=\"true\" allowfullscreen><\/iframe><\/p>\n\n\n<p><\/p>\n","protected":false},"excerpt":{"rendered":"<p>El 19\/02 se llev\u00f3 a cabo una Jornada de Lucha por parte de trabajadores y becarios del Conicet y de la Agencia Nacional de Investigaci\u00f3n, Desarrollo Productivo e Innovaci\u00f3n. En Buenos Aires, la movilizaci\u00f3n se dio en el Polo Cient\u00edfico (CABA), as\u00ed como tambi\u00e9n se realizaron distintas actividades de lucha en Rosario, C\u00f3rdoba, Posadas y [&hellip;]<\/p>\n","protected":false},"author":1,"featured_media":7007,"comment_status":"open","ping_status":"open","sticky":false,"template":"","format":"standard","meta":{"footnotes":""},"categories":[1],"tags":[],"class_list":["post-7006","post","type-post","status-publish","format-standard","has-post-thumbnail","hentry","category-blog"],"_links":{"self":[{"href":"https:\/\/fmtinkunaco.ar\/index.php?rest_route=\/wp\/v2\/posts\/7006","targetHints":{"allow":["GET"]}}],"collection":[{"href":"https:\/\/fmtinkunaco.ar\/index.php?rest_route=\/wp\/v2\/posts"}],"about":[{"href":"https:\/\/fmtinkunaco.ar\/index.php?rest_route=\/wp\/v2\/types\/post"}],"author":[{"embeddable":true,"href":"https:\/\/fmtinkunaco.ar\/index.php?rest_route=\/wp\/v2\/users\/1"}],"replies":[{"embeddable":true,"href":"https:\/\/fmtinkunaco.ar\/index.php?rest_route=%2Fwp%2Fv2%2Fcomments&post=7006"}],"version-history":[{"count":4,"href":"https:\/\/fmtinkunaco.ar\/index.php?rest_route=\/wp\/v2\/posts\/7006\/revisions"}],"predecessor-version":[{"id":7011,"href":"https:\/\/fmtinkunaco.ar\/index.php?rest_route=\/wp\/v2\/posts\/7006\/revisions\/7011"}],"wp:featuredmedia":[{"embeddable":true,"href":"https:\/\/fmtinkunaco.ar\/index.php?rest_route=\/wp\/v2\/media\/7007"}],"wp:attachment":[{"href":"https:\/\/fmtinkunaco.ar\/index.php?rest_route=%2Fwp%2Fv2%2Fmedia&parent=7006"}],"wp:term":[{"taxonomy":"category","embeddable":true,"href":"https:\/\/fmtinkunaco.ar\/index.php?rest_route=%2Fwp%2Fv2%2Fcategories&post=7006"},{"taxonomy":"post_tag","embeddable":true,"href":"https:\/\/fmtinkunaco.ar\/index.php?rest_route=%2Fwp%2Fv2%2Ftags&post=7006"}],"curies":[{"name":"wp","href":"https:\/\/api.w.org\/{rel}","templated":true}]}}