{"id":7012,"date":"2025-03-05T11:58:35","date_gmt":"2025-03-05T14:58:35","guid":{"rendered":"https:\/\/fmtinkunaco.ar\/?p=7012"},"modified":"2025-03-05T12:02:53","modified_gmt":"2025-03-05T15:02:53","slug":"reserva-la-juanita-en-solitud-de-declararse-reserva-natural-urbana","status":"publish","type":"post","link":"https:\/\/fmtinkunaco.ar\/?p=7012","title":{"rendered":"Reserva La Juanita busca ser declarada Reserva Natural Urbana"},"content":{"rendered":"\n<p>Luego de funcionar como basural a cielo abierto y gracias al trabajo de vecinos y voluntarios autoconvocados, el espacio fue recuperado luego de una limpieza en recuperaci\u00f3n de la flora y fauna.<\/p>\n\n\n\n<p>Este espacio verde se encuentra en Malvinas Argentinas y es atravesado por el arroyo Claro. Desde hace un tiempo viene siendo el eje de diferentes investigaciones universitarias por parte del cuerpo educativo de la Universal General Sarmiento. Por esto mismo, luego de varias solicitudes, se logr\u00f3 conseguir una declaraci\u00f3n de apoyo por parte del Consejo Superior a que la Reserva sea declarada Reserva Natural Urbana.<\/p>\n\n\n\n<p>Pedro Sosa, referente de la reserva, expresaba con respecto al apoyo de la UNGS \u201cse p<em>resent\u00f3 un proyecto para que la universidad se declare a favor de nuestra lucha, si bien la universidad ya ven\u00eda haciendo en la zona, visitas y estudios, esta vez ped\u00edamos un poquitos m\u00e1s. Que la universidad declare en sus papeles el apoyo a nosotros (\u2026) cuando se volvi\u00f3 a tratar los proyectos se pudo aprobar por unanimidad, para nosotros es una victoria enorme porque una entidad p\u00fablica y reconocida como es la UNGS se declare a favor de nuestra lucha nos da m\u00e1s energ\u00eda para seguir haciendo lo que hacemos\u201d.<\/em><\/p>\n\n\n\n<p>El trabajo de los voluntarios y vecinos no termina en el saneamiento y recuperaci\u00f3n del espacio, Sosa hace menci\u00f3n adem\u00e1s al trabajo social que incluye \u201cel <em>trabajo de educaci\u00f3n tambi\u00e9n, que hacemos a trav\u00e9s de las escuelas, &nbsp;en festivales, divulgar la causa, de crear una consciencia ambiental, que la gente entienda que un ambiente sano no es un solo lugar sino que es un conjunto de todo, y que para que nos vaya bien en un futuro todos los espacios tienen que estar cuidados\u201d.<\/em><\/p>\n\n\n\n<p>La lucha por la recuperaci\u00f3n del humedal permanece activa en reclamo por la mejora del espacio verde y, por ende, por la calidad de vida de los vecinos.<\/p>\n\n\n\n<p>Entrevista Completa<\/p>\n\n\n<p><iframe loading=\"lazy\" src=\"https:\/\/archive.org\/embed\/entrevista-pedro-sosa-reserva-la-juanita-28-02-25\" width=\"500\" height=\"60\" frameborder=\"0\" webkitallowfullscreen=\"true\" mozallowfullscreen=\"true\" allowfullscreen><\/iframe><\/p>\n\n\n<p><a href=\"https:\/\/archive.org\/details\/entrevista-pedro-sosa-reserva-la-juanita-28-02-25\" data-type=\"link\" data-id=\"https:\/\/archive.org\/details\/entrevista-pedro-sosa-reserva-la-juanita-28-02-25\">Descargar<\/a><\/p>\n","protected":false},"excerpt":{"rendered":"<p>Luego de funcionar como basural a cielo abierto y gracias al trabajo de vecinos y voluntarios autoconvocados, el espacio fue recuperado luego de una limpieza en recuperaci\u00f3n de la flora y fauna. Este espacio verde se encuentra en Malvinas Argentinas y es atravesado por el arroyo Claro. Desde hace un tiempo viene siendo el eje [&hellip;]<\/p>\n","protected":false},"author":1,"featured_media":7013,"comment_status":"open","ping_status":"open","sticky":false,"template":"","format":"standard","meta":{"footnotes":""},"categories":[1],"tags":[],"class_list":["post-7012","post","type-post","status-publish","format-standard","has-post-thumbnail","hentry","category-blog"],"_links":{"self":[{"href":"https:\/\/fmtinkunaco.ar\/index.php?rest_route=\/wp\/v2\/posts\/7012","targetHints":{"allow":["GET"]}}],"collection":[{"href":"https:\/\/fmtinkunaco.ar\/index.php?rest_route=\/wp\/v2\/posts"}],"about":[{"href":"https:\/\/fmtinkunaco.ar\/index.php?rest_route=\/wp\/v2\/types\/post"}],"author":[{"embeddable":true,"href":"https:\/\/fmtinkunaco.ar\/index.php?rest_route=\/wp\/v2\/users\/1"}],"replies":[{"embeddable":true,"href":"https:\/\/fmtinkunaco.ar\/index.php?rest_route=%2Fwp%2Fv2%2Fcomments&post=7012"}],"version-history":[{"count":2,"href":"https:\/\/fmtinkunaco.ar\/index.php?rest_route=\/wp\/v2\/posts\/7012\/revisions"}],"predecessor-version":[{"id":7015,"href":"https:\/\/fmtinkunaco.ar\/index.php?rest_route=\/wp\/v2\/posts\/7012\/revisions\/7015"}],"wp:featuredmedia":[{"embeddable":true,"href":"https:\/\/fmtinkunaco.ar\/index.php?rest_route=\/wp\/v2\/media\/7013"}],"wp:attachment":[{"href":"https:\/\/fmtinkunaco.ar\/index.php?rest_route=%2Fwp%2Fv2%2Fmedia&parent=7012"}],"wp:term":[{"taxonomy":"category","embeddable":true,"href":"https:\/\/fmtinkunaco.ar\/index.php?rest_route=%2Fwp%2Fv2%2Fcategories&post=7012"},{"taxonomy":"post_tag","embeddable":true,"href":"https:\/\/fmtinkunaco.ar\/index.php?rest_route=%2Fwp%2Fv2%2Ftags&post=7012"}],"curies":[{"name":"wp","href":"https:\/\/api.w.org\/{rel}","templated":true}]}}