{"id":7016,"date":"2025-03-06T11:20:45","date_gmt":"2025-03-06T14:20:45","guid":{"rendered":"https:\/\/fmtinkunaco.ar\/?p=7016"},"modified":"2025-03-06T11:20:45","modified_gmt":"2025-03-06T14:20:45","slug":"cicop-tigre-reclama-recomposicion-salarial","status":"publish","type":"post","link":"https:\/\/fmtinkunaco.ar\/?p=7016","title":{"rendered":"CICOP Tigre reclama Recomposici\u00f3n salarial"},"content":{"rendered":"\n<p>La Asociaci\u00f3n Sindical de Trabajadores de la Salud de la provincia de Buenos Aires, CICOP, organiz\u00f3 una asamblea el d\u00eda mi\u00e9rcoles 05\/03 en pedido de recomposici\u00f3n salarial y la no discriminaci\u00f3n en el otorgamiento de bonos sanitarios. &nbsp;<\/p>\n\n\n\n<p>Evangelina Jaimen, profesional de la salud que forma parte de CICOP, explicaba \u201c<em>El conflicto empieza el 1\u00b0 de febrero cuando parte de los profesionales de la salud recibe un bono donde dejan afuera a las obst\u00e9tricas, instrumentadoras y nutricionistas. A muchos de los que perciben el bono, les dieron el bono y les bajaron el sueldo b\u00e1sico en un 40% (\u2026) Lo real es que son totalmente arbitrario los sectores que lo cobraron y los sectores que no, cuando pedimos una explicaci\u00f3n en Secretar\u00eda de Salud dijeron que no hubo error\u201d.<\/em><\/p>\n\n\n\n<p>Con respecto a las medidas de lucha, Jaimen mencionaba la jornada \u201c<em>Ayer hicimos una asamblea en la puerta de Secretar\u00eda de Salud y lo que decidimos fue hacer una campa\u00f1a en redes para visibilizar los reclamos, a nosotros nos parece que el bono tiene que ser para todos el personal del salud, no solamente para algunas profesiones. Nos parece que el sueldo b\u00e1sico no se puede tocar\u201d.<\/em><\/p>\n\n\n\n<p>Por lo pronto, la asociaci\u00f3n no recibi\u00f3 respuestas de las autoridades y planean continuar con actividades de reclamos y lucha.<\/p>\n\n\n\n<p>Entrevista completa<\/p>\n\n\n<p><iframe loading=\"lazy\" src=\"https:\/\/archive.org\/embed\/entyrevista-evangelina-jaimen-06-03-25\" width=\"500\" height=\"60\" frameborder=\"0\" webkitallowfullscreen=\"true\" mozallowfullscreen=\"true\" allowfullscreen><\/iframe><\/p>\n\n\n<p><a href=\"https:\/\/archive.org\/details\/entyrevista-evangelina-jaimen-06-03-25\" data-type=\"link\" data-id=\"https:\/\/archive.org\/details\/entyrevista-evangelina-jaimen-06-03-25\">Descargar<\/a><\/p>\n","protected":false},"excerpt":{"rendered":"<p>La Asociaci\u00f3n Sindical de Trabajadores de la Salud de la provincia de Buenos Aires, CICOP, organiz\u00f3 una asamblea el d\u00eda mi\u00e9rcoles 05\/03 en pedido de recomposici\u00f3n salarial y la no discriminaci\u00f3n en el otorgamiento de bonos sanitarios. &nbsp; Evangelina Jaimen, profesional de la salud que forma parte de CICOP, explicaba \u201cEl conflicto empieza el 1\u00b0 [&hellip;]<\/p>\n","protected":false},"author":1,"featured_media":7017,"comment_status":"open","ping_status":"open","sticky":false,"template":"","format":"standard","meta":{"footnotes":""},"categories":[1],"tags":[],"class_list":["post-7016","post","type-post","status-publish","format-standard","has-post-thumbnail","hentry","category-blog"],"_links":{"self":[{"href":"https:\/\/fmtinkunaco.ar\/index.php?rest_route=\/wp\/v2\/posts\/7016","targetHints":{"allow":["GET"]}}],"collection":[{"href":"https:\/\/fmtinkunaco.ar\/index.php?rest_route=\/wp\/v2\/posts"}],"about":[{"href":"https:\/\/fmtinkunaco.ar\/index.php?rest_route=\/wp\/v2\/types\/post"}],"author":[{"embeddable":true,"href":"https:\/\/fmtinkunaco.ar\/index.php?rest_route=\/wp\/v2\/users\/1"}],"replies":[{"embeddable":true,"href":"https:\/\/fmtinkunaco.ar\/index.php?rest_route=%2Fwp%2Fv2%2Fcomments&post=7016"}],"version-history":[{"count":1,"href":"https:\/\/fmtinkunaco.ar\/index.php?rest_route=\/wp\/v2\/posts\/7016\/revisions"}],"predecessor-version":[{"id":7018,"href":"https:\/\/fmtinkunaco.ar\/index.php?rest_route=\/wp\/v2\/posts\/7016\/revisions\/7018"}],"wp:featuredmedia":[{"embeddable":true,"href":"https:\/\/fmtinkunaco.ar\/index.php?rest_route=\/wp\/v2\/media\/7017"}],"wp:attachment":[{"href":"https:\/\/fmtinkunaco.ar\/index.php?rest_route=%2Fwp%2Fv2%2Fmedia&parent=7016"}],"wp:term":[{"taxonomy":"category","embeddable":true,"href":"https:\/\/fmtinkunaco.ar\/index.php?rest_route=%2Fwp%2Fv2%2Fcategories&post=7016"},{"taxonomy":"post_tag","embeddable":true,"href":"https:\/\/fmtinkunaco.ar\/index.php?rest_route=%2Fwp%2Fv2%2Ftags&post=7016"}],"curies":[{"name":"wp","href":"https:\/\/api.w.org\/{rel}","templated":true}]}}