{"id":7020,"date":"2025-03-07T10:55:03","date_gmt":"2025-03-07T13:55:03","guid":{"rendered":"https:\/\/fmtinkunaco.ar\/?p=7020"},"modified":"2025-03-07T10:55:03","modified_gmt":"2025-03-07T13:55:03","slug":"me-levanto-y-lucho-movilizacion-por-el-8m-en-jose-c-paz","status":"publish","type":"post","link":"https:\/\/fmtinkunaco.ar\/?p=7020","title":{"rendered":"\u201cMe levanto y lucho\u201d movilizaci\u00f3n por el 8M en Jos\u00e9 C. Paz"},"content":{"rendered":"\n<p>El s\u00e1bado 8 de marzo a partir de las 13hs en la plaza Belgrano de Jos\u00e9 C. Paz se llevar\u00e1 a cabo una jornada para visibilizar el D\u00eda Internacional de Mujeres Trabajadoras. Esta movilizaci\u00f3n esta movilizaci\u00f3n es organizada por diferentes grupos feministas de la zona, mujeres y disidencias autoconvocadas.<\/p>\n\n\n\n<p>La jornada contar\u00e1 con radio abierta, m\u00fasica en vivo y finalizar\u00e1 con una marcha.<\/p>\n\n\n\n<p>Sonia Mendoza, integrante de la organizaci\u00f3n por el 8M, explicaba la decisi\u00f3n de hacer una jornada a nivel regional \u201cYa que Jos\u00e9 C. Paz es un distrito que necesitamos la visibilizaci\u00f3n de las mujeres y las diversidades (\u2026) En las asambleas que se han realizado con las compa\u00f1eras, se plante\u00f3 y se discuti\u00f3 participar de la marcha grande o en la regi\u00f3n y ha ganado quedarse en la regi\u00f3n, porque la regi\u00f3n necesita fortaleza. Necesita fortalecer estos v\u00ednculos, estos lazos, con la sociedad, con las otras mujeres, con los comedores, con las mamas que est\u00e1n todos los d\u00edas haciendo ollas, con las ni\u00f1eces, nos parece fundamental que las compa\u00f1eras hayan podido visibilizar eso y mantener la militancia en la zona\u201d.<\/p>\n\n\n\n<p>La desocupaci\u00f3n, la falta de recursos, la violencia de g\u00e9nero, el vaciamiento de la salud y educaci\u00f3n, son algunas de las problem\u00e1ticas diarias con las que las mujeres se enfrentan d\u00eda a d\u00eda. Frente a este contexto, la lucha se planta de manera colectiva, en palabras de Sonia Mendoza \u201cNo conocemos otra forma de seguir adelante que no sea juntas\u201d.<\/p>\n\n\n\n<p>Entrevista completa<\/p>\n\n\n<p><iframe loading=\"lazy\" src=\"https:\/\/archive.org\/embed\/entrevista-sonia-mendoza-07-03-25\" width=\"500\" height=\"60\" frameborder=\"0\" webkitallowfullscreen=\"true\" mozallowfullscreen=\"true\" allowfullscreen><\/iframe><\/p>\n\n\n<p><a href=\"https:\/\/archive.org\/details\/entrevista-sonia-mendoza-07-03-25\" data-type=\"link\" data-id=\"https:\/\/archive.org\/details\/entrevista-sonia-mendoza-07-03-25\">Descargar<\/a><\/p>\n","protected":false},"excerpt":{"rendered":"<p>El s\u00e1bado 8 de marzo a partir de las 13hs en la plaza Belgrano de Jos\u00e9 C. Paz se llevar\u00e1 a cabo una jornada para visibilizar el D\u00eda Internacional de Mujeres Trabajadoras. Esta movilizaci\u00f3n esta movilizaci\u00f3n es organizada por diferentes grupos feministas de la zona, mujeres y disidencias autoconvocadas. La jornada contar\u00e1 con radio abierta, [&hellip;]<\/p>\n","protected":false},"author":1,"featured_media":7021,"comment_status":"open","ping_status":"open","sticky":false,"template":"","format":"standard","meta":{"footnotes":""},"categories":[1],"tags":[],"class_list":["post-7020","post","type-post","status-publish","format-standard","has-post-thumbnail","hentry","category-blog"],"_links":{"self":[{"href":"https:\/\/fmtinkunaco.ar\/index.php?rest_route=\/wp\/v2\/posts\/7020","targetHints":{"allow":["GET"]}}],"collection":[{"href":"https:\/\/fmtinkunaco.ar\/index.php?rest_route=\/wp\/v2\/posts"}],"about":[{"href":"https:\/\/fmtinkunaco.ar\/index.php?rest_route=\/wp\/v2\/types\/post"}],"author":[{"embeddable":true,"href":"https:\/\/fmtinkunaco.ar\/index.php?rest_route=\/wp\/v2\/users\/1"}],"replies":[{"embeddable":true,"href":"https:\/\/fmtinkunaco.ar\/index.php?rest_route=%2Fwp%2Fv2%2Fcomments&post=7020"}],"version-history":[{"count":1,"href":"https:\/\/fmtinkunaco.ar\/index.php?rest_route=\/wp\/v2\/posts\/7020\/revisions"}],"predecessor-version":[{"id":7022,"href":"https:\/\/fmtinkunaco.ar\/index.php?rest_route=\/wp\/v2\/posts\/7020\/revisions\/7022"}],"wp:featuredmedia":[{"embeddable":true,"href":"https:\/\/fmtinkunaco.ar\/index.php?rest_route=\/wp\/v2\/media\/7021"}],"wp:attachment":[{"href":"https:\/\/fmtinkunaco.ar\/index.php?rest_route=%2Fwp%2Fv2%2Fmedia&parent=7020"}],"wp:term":[{"taxonomy":"category","embeddable":true,"href":"https:\/\/fmtinkunaco.ar\/index.php?rest_route=%2Fwp%2Fv2%2Fcategories&post=7020"},{"taxonomy":"post_tag","embeddable":true,"href":"https:\/\/fmtinkunaco.ar\/index.php?rest_route=%2Fwp%2Fv2%2Ftags&post=7020"}],"curies":[{"name":"wp","href":"https:\/\/api.w.org\/{rel}","templated":true}]}}