{"id":7023,"date":"2025-03-10T13:11:00","date_gmt":"2025-03-10T16:11:00","guid":{"rendered":"https:\/\/fmtinkunaco.ar\/?p=7023"},"modified":"2025-03-10T13:11:00","modified_gmt":"2025-03-10T16:11:00","slug":"marcha-y-acto-por-la-culminacion-del-espacio-de-la-memoria-de-campo-de-mayo","status":"publish","type":"post","link":"https:\/\/fmtinkunaco.ar\/?p=7023","title":{"rendered":"Marcha y acto por la culminaci\u00f3n del Espacio de la Memoria de Campo de Mayo"},"content":{"rendered":"\n<p>La Mesa por la Memoria de Campo de Mayo organiza esta marcha y acto para el pr\u00f3ximo 15 de marzo a las 9:30, convocan a concentrarse en Piedras y Cuchi Leguizam\u00f3n (Los Polvorines) para marchar hacia Ruta 8 y Av. Pte. Per\u00f3n.<\/p>\n\n\n\n<p>En una entrevista con Iris Avellaneda, sobreviviente de Campo de Mayo, ella explica \u201c<em>Desde hace a\u00f1os que estamos atr\u00e1s de eso, desde que yo sal\u00ed en libertad en el a\u00f1o 78\u2019 no perd\u00ed un d\u00eda reclamando el espacio de memoria en Campo de Mayo <\/em>(\u2026) <em>Para nosotros, los sobrevivientes, es importante tener ese espacio, porque ese lugar que fue tan triste tan t\u00e9trico, queremos darle vida, una cosa linda, cultural, que lo podremos manejar nosotros los sobrevivientes. Pero con este gobierno negacionista que tenemos, no nos dan respuesta, es una pena\u201d.<\/em><\/p>\n\n\n\n<p>La no continuaci\u00f3n de obras por la memoria se suma a la lista de medidas negacionista por parte del gobierno de Milei.<\/p>\n\n\n\n<p>En esta l\u00ednea, Iris contin\u00faa reforzando la convocatoria y la importancia de jornadas como estas \u201c<em>En el espacio, hacemos el acto como siempre alegre, con m\u00fasica. Es triste lo que se vivi\u00f3 pero tambi\u00e9n es bueno dar un poco de alegr\u00eda y \u00e1nimo a la gente\u201d.<\/em><\/p>\n\n\n\n<p>Entrevista completa en el Noticiero Encuentro con las Noticias<\/p>\n\n\n<p><iframe loading=\"lazy\" src=\"https:\/\/archive.org\/embed\/entrevista-iris-avellaneda-acto-y-marcha-10-03-25\" width=\"500\" height=\"60\" frameborder=\"0\" webkitallowfullscreen=\"true\" mozallowfullscreen=\"true\" allowfullscreen><\/iframe><\/p>\n\n\n<p><a href=\"https:\/\/archive.org\/details\/entrevista-iris-avellaneda-acto-y-marcha-10-03-25\" data-type=\"link\" data-id=\"https:\/\/archive.org\/details\/entrevista-iris-avellaneda-acto-y-marcha-10-03-25\">Descargar<\/a><\/p>\n","protected":false},"excerpt":{"rendered":"<p>La Mesa por la Memoria de Campo de Mayo organiza esta marcha y acto para el pr\u00f3ximo 15 de marzo a las 9:30, convocan a concentrarse en Piedras y Cuchi Leguizam\u00f3n (Los Polvorines) para marchar hacia Ruta 8 y Av. Pte. Per\u00f3n. En una entrevista con Iris Avellaneda, sobreviviente de Campo de Mayo, ella explica [&hellip;]<\/p>\n","protected":false},"author":1,"featured_media":7024,"comment_status":"open","ping_status":"open","sticky":false,"template":"","format":"standard","meta":{"footnotes":""},"categories":[1],"tags":[],"class_list":["post-7023","post","type-post","status-publish","format-standard","has-post-thumbnail","hentry","category-blog"],"_links":{"self":[{"href":"https:\/\/fmtinkunaco.ar\/index.php?rest_route=\/wp\/v2\/posts\/7023","targetHints":{"allow":["GET"]}}],"collection":[{"href":"https:\/\/fmtinkunaco.ar\/index.php?rest_route=\/wp\/v2\/posts"}],"about":[{"href":"https:\/\/fmtinkunaco.ar\/index.php?rest_route=\/wp\/v2\/types\/post"}],"author":[{"embeddable":true,"href":"https:\/\/fmtinkunaco.ar\/index.php?rest_route=\/wp\/v2\/users\/1"}],"replies":[{"embeddable":true,"href":"https:\/\/fmtinkunaco.ar\/index.php?rest_route=%2Fwp%2Fv2%2Fcomments&post=7023"}],"version-history":[{"count":1,"href":"https:\/\/fmtinkunaco.ar\/index.php?rest_route=\/wp\/v2\/posts\/7023\/revisions"}],"predecessor-version":[{"id":7025,"href":"https:\/\/fmtinkunaco.ar\/index.php?rest_route=\/wp\/v2\/posts\/7023\/revisions\/7025"}],"wp:featuredmedia":[{"embeddable":true,"href":"https:\/\/fmtinkunaco.ar\/index.php?rest_route=\/wp\/v2\/media\/7024"}],"wp:attachment":[{"href":"https:\/\/fmtinkunaco.ar\/index.php?rest_route=%2Fwp%2Fv2%2Fmedia&parent=7023"}],"wp:term":[{"taxonomy":"category","embeddable":true,"href":"https:\/\/fmtinkunaco.ar\/index.php?rest_route=%2Fwp%2Fv2%2Fcategories&post=7023"},{"taxonomy":"post_tag","embeddable":true,"href":"https:\/\/fmtinkunaco.ar\/index.php?rest_route=%2Fwp%2Fv2%2Ftags&post=7023"}],"curies":[{"name":"wp","href":"https:\/\/api.w.org\/{rel}","templated":true}]}}