{"id":7026,"date":"2025-03-11T13:29:37","date_gmt":"2025-03-11T16:29:37","guid":{"rendered":"https:\/\/fmtinkunaco.ar\/?p=7026"},"modified":"2025-03-12T10:03:13","modified_gmt":"2025-03-12T13:03:13","slug":"la-mesa-por-la-articulacion-de-ninez-y-adolescencia-lanza-el-proyecto-no-a-la-baja-de-la-edad-de-imputabilidad-ni-un-paso-atras","status":"publish","type":"post","link":"https:\/\/fmtinkunaco.ar\/?p=7026","title":{"rendered":"La Mesa por la articulaci\u00f3n de Ni\u00f1ez y Adolescencia lanza el proyecto \u201cNo a la baja de la edad de imputabilidad \u00a1Ni un paso atr\u00e1s!\u201d"},"content":{"rendered":"\n<p>Desde la Mesa por la articulaci\u00f3n de Ni\u00f1ez y Adolescencia presentaron un proyecto sobre la ley penal juvenil que promueve la baja de edad de punibilidad, esto ser\u00e1 remitido al Congreso de la Naci\u00f3n Argentina.<\/p>\n\n\n\n<p>En su proyecto argumentan en c\u00f3mo esta ley omite los derechos fundamentales de las ni\u00f1eces y adolescencias. Ya cuentan con m\u00e1s de 1000 firmas por parte de diversas organizaciones.<\/p>\n\n\n\n<p>Ana Almada, integrante de la Mesa, mencionaba \u201c<em>Es necesario que haya una ley que contemple los derechos de los pibes y de las pibas y que no se basa en la baja de la edad (\u2026) Estos proyectan vulneran en forma grav\u00edsima la libertad y los derechos de los pibes\u201d.<\/em><\/p>\n\n\n\n<p>Para leer el documento completo, ingresar al siguiente link:<br><a href=\"https:\/\/docs.google.com\/forms\/d\/e\/1FAIpQLSfzxDJLkswkuFnQuFjDtuqAMsCvX9BoKSKmZxwqni37behMwQ\/viewform\">https:\/\/docs.google.com\/forms\/d\/e\/1FAIpQLSfzxDJLkswkuFnQuFjDtuqAMsCvX9BoKSKmZxwqni37behMwQ\/viewform<\/a><\/p>\n\n\n\n<p>Entrevista completa<\/p>\n\n\n<p><iframe loading=\"lazy\" src=\"https:\/\/archive.org\/embed\/entrevista-ana-almada-11-03\" width=\"500\" height=\"60\" frameborder=\"0\" webkitallowfullscreen=\"true\" mozallowfullscreen=\"true\" allowfullscreen><\/iframe><\/p>\n\n\n<p><a href=\"https:\/\/archive.org\/details\/entrevista-ana-almada-11-03\" data-type=\"link\" data-id=\"https:\/\/archive.org\/details\/entrevista-ana-almada-11-03\">Descargar<\/a><\/p>\n","protected":false},"excerpt":{"rendered":"<p>Desde la Mesa por la articulaci\u00f3n de Ni\u00f1ez y Adolescencia presentaron un proyecto sobre la ley penal juvenil que promueve la baja de edad de punibilidad, esto ser\u00e1 remitido al Congreso de la Naci\u00f3n Argentina. En su proyecto argumentan en c\u00f3mo esta ley omite los derechos fundamentales de las ni\u00f1eces y adolescencias. Ya cuentan con [&hellip;]<\/p>\n","protected":false},"author":1,"featured_media":7027,"comment_status":"open","ping_status":"open","sticky":false,"template":"","format":"standard","meta":{"footnotes":""},"categories":[1],"tags":[],"class_list":["post-7026","post","type-post","status-publish","format-standard","has-post-thumbnail","hentry","category-blog"],"_links":{"self":[{"href":"https:\/\/fmtinkunaco.ar\/index.php?rest_route=\/wp\/v2\/posts\/7026","targetHints":{"allow":["GET"]}}],"collection":[{"href":"https:\/\/fmtinkunaco.ar\/index.php?rest_route=\/wp\/v2\/posts"}],"about":[{"href":"https:\/\/fmtinkunaco.ar\/index.php?rest_route=\/wp\/v2\/types\/post"}],"author":[{"embeddable":true,"href":"https:\/\/fmtinkunaco.ar\/index.php?rest_route=\/wp\/v2\/users\/1"}],"replies":[{"embeddable":true,"href":"https:\/\/fmtinkunaco.ar\/index.php?rest_route=%2Fwp%2Fv2%2Fcomments&post=7026"}],"version-history":[{"count":2,"href":"https:\/\/fmtinkunaco.ar\/index.php?rest_route=\/wp\/v2\/posts\/7026\/revisions"}],"predecessor-version":[{"id":7029,"href":"https:\/\/fmtinkunaco.ar\/index.php?rest_route=\/wp\/v2\/posts\/7026\/revisions\/7029"}],"wp:featuredmedia":[{"embeddable":true,"href":"https:\/\/fmtinkunaco.ar\/index.php?rest_route=\/wp\/v2\/media\/7027"}],"wp:attachment":[{"href":"https:\/\/fmtinkunaco.ar\/index.php?rest_route=%2Fwp%2Fv2%2Fmedia&parent=7026"}],"wp:term":[{"taxonomy":"category","embeddable":true,"href":"https:\/\/fmtinkunaco.ar\/index.php?rest_route=%2Fwp%2Fv2%2Fcategories&post=7026"},{"taxonomy":"post_tag","embeddable":true,"href":"https:\/\/fmtinkunaco.ar\/index.php?rest_route=%2Fwp%2Fv2%2Ftags&post=7026"}],"curies":[{"name":"wp","href":"https:\/\/api.w.org\/{rel}","templated":true}]}}