{"id":7030,"date":"2025-03-12T13:09:34","date_gmt":"2025-03-12T16:09:34","guid":{"rendered":"https:\/\/fmtinkunaco.ar\/?p=7030"},"modified":"2025-03-13T09:35:18","modified_gmt":"2025-03-13T12:35:18","slug":"caravana-por-la-memoria-verdad-y-justicia-2025","status":"publish","type":"post","link":"https:\/\/fmtinkunaco.ar\/?p=7030","title":{"rendered":"Caravana por la Memoria, Verdad y Justicia 2025"},"content":{"rendered":"\n<p>El Colectivo de Organismos de Derechos Humanos Zona Oeste, organiza la \u201cCaravana por la Memoria\u201d para el pr\u00f3ximo s\u00e1bado 15 de marzo, en el marco de la conmemoraci\u00f3n de los 49 a\u00f1os del golpe de estado en nuestro pa\u00eds.<\/p>\n\n\n\n<p>La caravana re\u00fane los centros se\u00f1alizados que conforman la \u201csub zona 16\u201d, la cual estaba bajo el mando de la Fuerza A\u00e9rea en la \u00faltima dictadura militar.<\/p>\n\n\n\n<p>En di\u00e1logo con el noticiero \u201cEncuentro con las Noticias\u201d, Marta Ibarra, Referente de Moreno por la Memoria, comentaba \u201c<em>Esta caravana es muy particular, es la caravana 16, pero es la primera vez que en Moreno est\u00e1 transcurriendo el juicio de lesa humanidad por el accionar del terrorismo de estado en distintas comisar\u00edas, en la 5ta, en la 6ta, la 1era y en la 8tava brigada a\u00e9rea donde est\u00e1 imputado el que era el Coronel Lynch, en el momento del 76\u2019 al 79\u2019. No est\u00e1n todos los casos de los que fueron detenidos desaparecidos en esta zona, pero s\u00ed hay 28 casos y Moreno por la Memoria es querellante\u201d.<\/em><\/p>\n\n\n\n<p>En esta edici\u00f3n, el lema es \u201cEl Gobierno fascista de Milei impone las mismas pol\u00edticas genocidas de la dictadura\u201d, en reclamo de las pol\u00edticas negacionista y de precarizaci\u00f3n impulsadas por el Gobierno de la Naci\u00f3n.<\/p>\n\n\n\n<p>El recorrido ser\u00e1:<\/p>\n\n\n\n<ul class=\"wp-block-list\">\n<li>09:00 hs Comisar\u00eda 1\u00b0 MORENO, Belgrano esquina Merlo<\/li>\n\n\n\n<li>10:00 hs Ex Instituto de Menores Riglos (hoy UNM), Av Bme Mitre&nbsp; 1891<\/li>\n\n\n\n<li>10:15 hs Comisar\u00eda 1\u00b0 Merlo, av Libertador 368<\/li>\n\n\n\n<li>11:00 hs Plaza de Ituzaing\u00f3 (sur)<\/li>\n\n\n\n<li>11:45 hs Comisar\u00eda 3\u00b0 Castelar \u2013Mor\u00f3n<\/li>\n\n\n\n<li>12:00 hs RIBA Mor\u00f3n<\/li>\n\n\n\n<li>12:30 hs Hospital Posadas \u2013 Mor\u00f3n<\/li>\n\n\n\n<li>13:30 hs Comisar\u00eda 2\u00b0 Villa Tesei \u2013 Hurlingham<\/li>\n\n\n\n<li>14:30 hs Mansi\u00f3n Ser\u00e9 \u2013 Castelar \u2013&nbsp; Mor\u00f3n<\/li>\n<\/ul>\n\n\n\n<p>Compartimos entrevista completa<\/p>\n\n\n<p><iframe loading=\"lazy\" src=\"https:\/\/archive.org\/embed\/entrevista-marta-ibarra-12-03\" width=\"500\" height=\"60\" frameborder=\"0\" webkitallowfullscreen=\"true\" mozallowfullscreen=\"true\" allowfullscreen><\/iframe><\/p>\n\n\n<p><a href=\"https:\/\/archive.org\/details\/entrevista-marta-ibarra-12-03\" data-type=\"link\" data-id=\"https:\/\/archive.org\/details\/entrevista-marta-ibarra-12-03\">Descargar<\/a><\/p>\n","protected":false},"excerpt":{"rendered":"<p>El Colectivo de Organismos de Derechos Humanos Zona Oeste, organiza la \u201cCaravana por la Memoria\u201d para el pr\u00f3ximo s\u00e1bado 15 de marzo, en el marco de la conmemoraci\u00f3n de los 49 a\u00f1os del golpe de estado en nuestro pa\u00eds. La caravana re\u00fane los centros se\u00f1alizados que conforman la \u201csub zona 16\u201d, la cual estaba bajo [&hellip;]<\/p>\n","protected":false},"author":1,"featured_media":7031,"comment_status":"open","ping_status":"open","sticky":false,"template":"","format":"standard","meta":{"footnotes":""},"categories":[1],"tags":[],"class_list":["post-7030","post","type-post","status-publish","format-standard","has-post-thumbnail","hentry","category-blog"],"_links":{"self":[{"href":"https:\/\/fmtinkunaco.ar\/index.php?rest_route=\/wp\/v2\/posts\/7030","targetHints":{"allow":["GET"]}}],"collection":[{"href":"https:\/\/fmtinkunaco.ar\/index.php?rest_route=\/wp\/v2\/posts"}],"about":[{"href":"https:\/\/fmtinkunaco.ar\/index.php?rest_route=\/wp\/v2\/types\/post"}],"author":[{"embeddable":true,"href":"https:\/\/fmtinkunaco.ar\/index.php?rest_route=\/wp\/v2\/users\/1"}],"replies":[{"embeddable":true,"href":"https:\/\/fmtinkunaco.ar\/index.php?rest_route=%2Fwp%2Fv2%2Fcomments&post=7030"}],"version-history":[{"count":2,"href":"https:\/\/fmtinkunaco.ar\/index.php?rest_route=\/wp\/v2\/posts\/7030\/revisions"}],"predecessor-version":[{"id":7033,"href":"https:\/\/fmtinkunaco.ar\/index.php?rest_route=\/wp\/v2\/posts\/7030\/revisions\/7033"}],"wp:featuredmedia":[{"embeddable":true,"href":"https:\/\/fmtinkunaco.ar\/index.php?rest_route=\/wp\/v2\/media\/7031"}],"wp:attachment":[{"href":"https:\/\/fmtinkunaco.ar\/index.php?rest_route=%2Fwp%2Fv2%2Fmedia&parent=7030"}],"wp:term":[{"taxonomy":"category","embeddable":true,"href":"https:\/\/fmtinkunaco.ar\/index.php?rest_route=%2Fwp%2Fv2%2Fcategories&post=7030"},{"taxonomy":"post_tag","embeddable":true,"href":"https:\/\/fmtinkunaco.ar\/index.php?rest_route=%2Fwp%2Fv2%2Ftags&post=7030"}],"curies":[{"name":"wp","href":"https:\/\/api.w.org\/{rel}","templated":true}]}}