{"id":7034,"date":"2025-03-13T13:29:31","date_gmt":"2025-03-13T16:29:31","guid":{"rendered":"https:\/\/fmtinkunaco.ar\/?p=7034"},"modified":"2025-03-13T13:29:31","modified_gmt":"2025-03-13T16:29:31","slug":"daniel-santucho-navajas-presenta-su-nuevo-libro-nieto-133-mi-camino-hacia-la-verdad","status":"publish","type":"post","link":"https:\/\/fmtinkunaco.ar\/?p=7034","title":{"rendered":"Daniel Santucho Navajas presenta su nuevo libro \u201cNieto 133, mi camino hacia la verdad\u201d"},"content":{"rendered":"\n<p>En el marco del mes de la Memoria, Daniel Santucho, nieto recuperado n\u00famero 133, presenta un nuevo libro donde relata la historia de c\u00f3mo recuper\u00f3 su identidad en la primera edici\u00f3n de la Feria del Libro de Derechos Humanos del Espacio Memoria ex ESMA.<\/p>\n\n\n\n<p>Daniel Santucho Navajas es hijo de Cristina Silvia Navajas, secuestrada y desaparecida en el a\u00f1o 1976, y de Julio C\u00e9sar de Jes\u00fas Santucho, exiliado en ese momento de la Argentina.<\/p>\n\n\n\n<p>En esta l\u00ednea, tambi\u00e9n es destacable la proyecci\u00f3n del documental \u201cIdentidad Robada\u201d, una obra visual sobre su vida e historia. Sobre la presentaci\u00f3n de estos materiales, Santucho puntualizaba \u201c<em>el sentido de esto es poder transmitir lo que es la memoria, es uno entre miles que demuestra el da\u00f1o que causo la \u00faltima dictadura militar. Poder compartirlo y que cada una de las personas que haya estado lo pueda llevar a su casa, a su familia, a sus amigos es la forma de seguir manteniendo viva la memoria (\u2026) Es muy lindo ver a la juventud que se compromete, que se interesa, que quiere saber y quiere compartir. Afortunadamente el camino que yo tome, a pocos meses de haber recuperado mi identidad, el de poder transmitir mi testimonio expresarlo en distintas formas ya sea con el documental o ahora con el libro, es el hecho de poder llegar a los j\u00f3venes\u201d.<\/em><\/p>\n\n\n\n<p>La presentaci\u00f3n ser\u00e1 ma\u00f1ana viernes 14 de marzo a las 17hs en el Auditorio Abuelas, en el Espacio de Memoria ExEsma (Av. Libertador 8151, CABA).<\/p>\n\n\n\n<p>Entrevista completa<\/p>\n\n\n<p><iframe loading=\"lazy\" src=\"https:\/\/archive.org\/embed\/entrevista-daniel-santucho-navajas-13-03-25\" width=\"500\" height=\"60\" frameborder=\"0\" webkitallowfullscreen=\"true\" mozallowfullscreen=\"true\" allowfullscreen><\/iframe><\/p>\n\n\n<p><a href=\"https:\/\/archive.org\/details\/entrevista-daniel-santucho-navajas-13-03-25\" data-type=\"link\" data-id=\"https:\/\/archive.org\/details\/entrevista-daniel-santucho-navajas-13-03-25\">Descargar<\/a><\/p>\n","protected":false},"excerpt":{"rendered":"<p>En el marco del mes de la Memoria, Daniel Santucho, nieto recuperado n\u00famero 133, presenta un nuevo libro donde relata la historia de c\u00f3mo recuper\u00f3 su identidad en la primera edici\u00f3n de la Feria del Libro de Derechos Humanos del Espacio Memoria ex ESMA. Daniel Santucho Navajas es hijo de Cristina Silvia Navajas, secuestrada y [&hellip;]<\/p>\n","protected":false},"author":1,"featured_media":7035,"comment_status":"open","ping_status":"open","sticky":false,"template":"","format":"standard","meta":{"footnotes":""},"categories":[1],"tags":[],"class_list":["post-7034","post","type-post","status-publish","format-standard","has-post-thumbnail","hentry","category-blog"],"_links":{"self":[{"href":"https:\/\/fmtinkunaco.ar\/index.php?rest_route=\/wp\/v2\/posts\/7034","targetHints":{"allow":["GET"]}}],"collection":[{"href":"https:\/\/fmtinkunaco.ar\/index.php?rest_route=\/wp\/v2\/posts"}],"about":[{"href":"https:\/\/fmtinkunaco.ar\/index.php?rest_route=\/wp\/v2\/types\/post"}],"author":[{"embeddable":true,"href":"https:\/\/fmtinkunaco.ar\/index.php?rest_route=\/wp\/v2\/users\/1"}],"replies":[{"embeddable":true,"href":"https:\/\/fmtinkunaco.ar\/index.php?rest_route=%2Fwp%2Fv2%2Fcomments&post=7034"}],"version-history":[{"count":1,"href":"https:\/\/fmtinkunaco.ar\/index.php?rest_route=\/wp\/v2\/posts\/7034\/revisions"}],"predecessor-version":[{"id":7036,"href":"https:\/\/fmtinkunaco.ar\/index.php?rest_route=\/wp\/v2\/posts\/7034\/revisions\/7036"}],"wp:featuredmedia":[{"embeddable":true,"href":"https:\/\/fmtinkunaco.ar\/index.php?rest_route=\/wp\/v2\/media\/7035"}],"wp:attachment":[{"href":"https:\/\/fmtinkunaco.ar\/index.php?rest_route=%2Fwp%2Fv2%2Fmedia&parent=7034"}],"wp:term":[{"taxonomy":"category","embeddable":true,"href":"https:\/\/fmtinkunaco.ar\/index.php?rest_route=%2Fwp%2Fv2%2Fcategories&post=7034"},{"taxonomy":"post_tag","embeddable":true,"href":"https:\/\/fmtinkunaco.ar\/index.php?rest_route=%2Fwp%2Fv2%2Ftags&post=7034"}],"curies":[{"name":"wp","href":"https:\/\/api.w.org\/{rel}","templated":true}]}}