{"id":7037,"date":"2025-03-14T13:19:36","date_gmt":"2025-03-14T16:19:36","guid":{"rendered":"https:\/\/fmtinkunaco.ar\/?p=7037"},"modified":"2025-03-14T13:30:48","modified_gmt":"2025-03-14T16:30:48","slug":"gases-balas-de-goma-y-detenciones-arbitrarias-represion-brutal-a-jubilados","status":"publish","type":"post","link":"https:\/\/fmtinkunaco.ar\/?p=7037","title":{"rendered":"Gases, balas de goma y detenciones arbitrarias: represi\u00f3n brutal a jubilados"},"content":{"rendered":"\n<p>Como todos los mi\u00e9rcoles desde hace un a\u00f1o, el pasado 12 de marzo los jubilados volvieron a marchar en Congreso reclamando por un aumento de emergencia, por la moratoria previsional y la gratuidad de medicamentos. Sin embargo, apenas se dio inicio a la convocatoria recibieron un fuerte ataque sin medida por parte de distintas fuerzas policiales.<\/p>\n\n\n\n<p>La violencia policial por parte de Gendarmer\u00eda, la Prefectura, la Polic\u00eda Federal, la Polic\u00eda de Seguridad Aeroportuaria y la Polic\u00eda de la Ciudad tuvo como consecuencias 114 detenidos injustificados y numerosos heridos de gravedad.<\/p>\n\n\n<div class=\"wp-block-image\">\n<figure class=\"aligncenter size-large is-resized\"><img loading=\"lazy\" decoding=\"async\" width=\"1024\" height=\"765\" src=\"https:\/\/fmtinkunaco.ar\/wp-content\/uploads\/2025\/03\/8def8f41-323d-4848-8742-571de4998606-1024x765.jpeg\" alt=\"\" class=\"wp-image-7039\" style=\"aspect-ratio:1.3385620915032679;width:512px;height:auto\" srcset=\"https:\/\/fmtinkunaco.ar\/wp-content\/uploads\/2025\/03\/8def8f41-323d-4848-8742-571de4998606-1024x765.jpeg 1024w, https:\/\/fmtinkunaco.ar\/wp-content\/uploads\/2025\/03\/8def8f41-323d-4848-8742-571de4998606-300x224.jpeg 300w, https:\/\/fmtinkunaco.ar\/wp-content\/uploads\/2025\/03\/8def8f41-323d-4848-8742-571de4998606-768x574.jpeg 768w, https:\/\/fmtinkunaco.ar\/wp-content\/uploads\/2025\/03\/8def8f41-323d-4848-8742-571de4998606.jpeg 1079w\" sizes=\"auto, (max-width: 1024px) 100vw, 1024px\" \/><\/figure>\n<\/div>\n\n\n<p>Ana Mar\u00eda Tapia, integrante de Jubilado Insurgentes, en una entrevista con el Noticiero explic\u00f3 la situaci\u00f3n \u201c<em>Nosotros no tenemos armas, no tenemos dinero para comprar nada, ni cartulina, vamos con cartones. Qu\u00e9 parte no se est\u00e1 entendiendo que nos sacaron hasta la medicaci\u00f3n (\u2026) Esta lucha nosotros quiz\u00e1s no la vamos a ver por la edad que tenemos, pero es la herencia que le vamos a dejar a las generaciones que vienen. Es la ense\u00f1anza de la lucha, con qu\u00e9 se van a jubilar\u201d.<\/em><\/p>\n\n\n\n<p>En adici\u00f3n a esto, Tapia mencionaba el acompa\u00f1amiento que tuvieron por diferentes organizaciones sociales, as\u00ed como tambi\u00e9n la participaci\u00f3n de hinchas de futbol, manteniendo y luchando en pos del derecho constitucional a la protesta. En palabras de Tapia \u201c<em>Hay que venir a acompa\u00f1ar, no adelante, tampoco atr\u00e1s, sino que codo a codo, todos juntos, la unificaci\u00f3n de la lucha, que nos escuchen quienes nos gobiernan\u201d<\/em><\/p>\n\n\n\n<p>Sumando cada vez m\u00e1s apoyo social y popular, la marcha de los jubilados no da un pas\u00f3 a atr\u00e1s y continuaran con su marcha el pr\u00f3ximo mi\u00e9rcoles.<\/p>\n\n\n\n<p>Compartimos entrevista completa<\/p>\n\n\n<p><iframe loading=\"lazy\" src=\"https:\/\/archive.org\/embed\/entrevista-ana-maria-tapia-14-03-25\" width=\"500\" height=\"60\" frameborder=\"0\" webkitallowfullscreen=\"true\" mozallowfullscreen=\"true\" allowfullscreen><\/iframe><\/p>\n\n\n<p><a href=\"https:\/\/archive.org\/details\/entrevista-ana-maria-tapia-14-03-25\" data-type=\"link\" data-id=\"https:\/\/archive.org\/details\/entrevista-ana-maria-tapia-14-03-25\">Descargar<\/a><\/p>\n","protected":false},"excerpt":{"rendered":"<p>Como todos los mi\u00e9rcoles desde hace un a\u00f1o, el pasado 12 de marzo los jubilados volvieron a marchar en Congreso reclamando por un aumento de emergencia, por la moratoria previsional y la gratuidad de medicamentos. Sin embargo, apenas se dio inicio a la convocatoria recibieron un fuerte ataque sin medida por parte de distintas fuerzas [&hellip;]<\/p>\n","protected":false},"author":1,"featured_media":7038,"comment_status":"open","ping_status":"open","sticky":false,"template":"","format":"standard","meta":{"footnotes":""},"categories":[1],"tags":[],"class_list":["post-7037","post","type-post","status-publish","format-standard","has-post-thumbnail","hentry","category-blog"],"_links":{"self":[{"href":"https:\/\/fmtinkunaco.ar\/index.php?rest_route=\/wp\/v2\/posts\/7037","targetHints":{"allow":["GET"]}}],"collection":[{"href":"https:\/\/fmtinkunaco.ar\/index.php?rest_route=\/wp\/v2\/posts"}],"about":[{"href":"https:\/\/fmtinkunaco.ar\/index.php?rest_route=\/wp\/v2\/types\/post"}],"author":[{"embeddable":true,"href":"https:\/\/fmtinkunaco.ar\/index.php?rest_route=\/wp\/v2\/users\/1"}],"replies":[{"embeddable":true,"href":"https:\/\/fmtinkunaco.ar\/index.php?rest_route=%2Fwp%2Fv2%2Fcomments&post=7037"}],"version-history":[{"count":2,"href":"https:\/\/fmtinkunaco.ar\/index.php?rest_route=\/wp\/v2\/posts\/7037\/revisions"}],"predecessor-version":[{"id":7041,"href":"https:\/\/fmtinkunaco.ar\/index.php?rest_route=\/wp\/v2\/posts\/7037\/revisions\/7041"}],"wp:featuredmedia":[{"embeddable":true,"href":"https:\/\/fmtinkunaco.ar\/index.php?rest_route=\/wp\/v2\/media\/7038"}],"wp:attachment":[{"href":"https:\/\/fmtinkunaco.ar\/index.php?rest_route=%2Fwp%2Fv2%2Fmedia&parent=7037"}],"wp:term":[{"taxonomy":"category","embeddable":true,"href":"https:\/\/fmtinkunaco.ar\/index.php?rest_route=%2Fwp%2Fv2%2Fcategories&post=7037"},{"taxonomy":"post_tag","embeddable":true,"href":"https:\/\/fmtinkunaco.ar\/index.php?rest_route=%2Fwp%2Fv2%2Ftags&post=7037"}],"curies":[{"name":"wp","href":"https:\/\/api.w.org\/{rel}","templated":true}]}}