{"id":7042,"date":"2025-03-18T12:24:22","date_gmt":"2025-03-18T15:24:22","guid":{"rendered":"https:\/\/fmtinkunaco.ar\/?p=7042"},"modified":"2025-03-18T12:31:39","modified_gmt":"2025-03-18T15:31:39","slug":"paro-universitario-en-reclamo-de-mejores-salarios-y-mayor-financiamiento-para-la-educacion-publica","status":"publish","type":"post","link":"https:\/\/fmtinkunaco.ar\/?p=7042","title":{"rendered":"Paro Universitario: en reclamo de mejores salarios y mayor financiamiento para la educaci\u00f3n p\u00fablica"},"content":{"rendered":"\n<p>Este 17 y 18 de Marzo las Universidades Nacionales estar\u00e1n en paro reclamando una recomposici\u00f3n salarial y presupuestaria para el personal docente y no-docentes.<\/p>\n\n\n\n<p>Dentro de la agenda de reclamos tambi\u00e9n se encuentra la reducci\u00f3n de becas para estudiantes y la falta de obras de infraestructura.<\/p>\n\n\n\n<p>Mat\u00edas Rivera, Docente de la Universidad Nacional de Jos\u00e9. C. Paz, explicaba la situaci\u00f3n salarial \u201c<em>No se aprob\u00f3 el presupuesto 2025, las universidades siguen sosteni\u00e9ndose con el presupuesto del 2023 (\u2026) No tenemos paritarias, hace un a\u00f1o que no tenemos paritarias. Es imposible discutir un salario o condiciones de trabajo\u201d.<\/em><\/p>\n\n\n\n<p>Este contexto afecta directamente a los estudiantes, Rivera comentaba \u201c<em>Preocupa mucho porque a nosotros nos ha costado much\u00edsimo poder construir la idea de que la educaci\u00f3n superior pueda ser pensada como un derecho, que sea de acceso universal. Estos contextos lo que hacen es minar esa idea, atacan de ra\u00edz esa idea porque muchos de nuestros estudiantes est\u00e1n en condiciones de vulnerabilidad econ\u00f3mica\u201d.<\/em><\/p>\n\n\n\n<p>Adem\u00e1s este mi\u00e9rcoles 19\/3 ADIUNPAZ (Asociaci\u00f3n de Docentes e Investigadorxs de la Universidad Nacional de Jos\u00e9 C. Paz) convoca a una Jornada de visibilizaci\u00f3n de la crisis que atraviesan las Universidades Nacionales, en la plaza de San Miguel, junto con organizaciones gremiales y sociales de la regi\u00f3n.<\/p>\n\n\n\n<p>Desde los sindicatos universitarios planifican una pr\u00f3xima marcha multitudinaria, como fue la Marcha Federal Universitaria del a\u00f1o pasado, para continuar luchando por el presupuesto universitario pero a\u00fan est\u00e1 sin confirmar su fecha.<\/p>\n\n\n\n<p>Entrevista Completa<\/p>\n\n\n<p><iframe loading=\"lazy\" src=\"https:\/\/archive.org\/embed\/entrevista-matias-rivera-18-03-25\" width=\"500\" height=\"60\" frameborder=\"0\" webkitallowfullscreen=\"true\" mozallowfullscreen=\"true\" allowfullscreen><\/iframe><\/p>\n\n\n<p><a href=\"https:\/\/archive.org\/details\/entrevista-matias-rivera-18-03-25\" data-type=\"link\" data-id=\"https:\/\/archive.org\/details\/entrevista-matias-rivera-18-03-25\">Descargar<\/a><\/p>\n","protected":false},"excerpt":{"rendered":"<p>Este 17 y 18 de Marzo las Universidades Nacionales estar\u00e1n en paro reclamando una recomposici\u00f3n salarial y presupuestaria para el personal docente y no-docentes. Dentro de la agenda de reclamos tambi\u00e9n se encuentra la reducci\u00f3n de becas para estudiantes y la falta de obras de infraestructura. Mat\u00edas Rivera, Docente de la Universidad Nacional de Jos\u00e9. [&hellip;]<\/p>\n","protected":false},"author":1,"featured_media":7043,"comment_status":"open","ping_status":"open","sticky":false,"template":"","format":"standard","meta":{"footnotes":""},"categories":[1],"tags":[],"class_list":["post-7042","post","type-post","status-publish","format-standard","has-post-thumbnail","hentry","category-blog"],"_links":{"self":[{"href":"https:\/\/fmtinkunaco.ar\/index.php?rest_route=\/wp\/v2\/posts\/7042","targetHints":{"allow":["GET"]}}],"collection":[{"href":"https:\/\/fmtinkunaco.ar\/index.php?rest_route=\/wp\/v2\/posts"}],"about":[{"href":"https:\/\/fmtinkunaco.ar\/index.php?rest_route=\/wp\/v2\/types\/post"}],"author":[{"embeddable":true,"href":"https:\/\/fmtinkunaco.ar\/index.php?rest_route=\/wp\/v2\/users\/1"}],"replies":[{"embeddable":true,"href":"https:\/\/fmtinkunaco.ar\/index.php?rest_route=%2Fwp%2Fv2%2Fcomments&post=7042"}],"version-history":[{"count":3,"href":"https:\/\/fmtinkunaco.ar\/index.php?rest_route=\/wp\/v2\/posts\/7042\/revisions"}],"predecessor-version":[{"id":7046,"href":"https:\/\/fmtinkunaco.ar\/index.php?rest_route=\/wp\/v2\/posts\/7042\/revisions\/7046"}],"wp:featuredmedia":[{"embeddable":true,"href":"https:\/\/fmtinkunaco.ar\/index.php?rest_route=\/wp\/v2\/media\/7043"}],"wp:attachment":[{"href":"https:\/\/fmtinkunaco.ar\/index.php?rest_route=%2Fwp%2Fv2%2Fmedia&parent=7042"}],"wp:term":[{"taxonomy":"category","embeddable":true,"href":"https:\/\/fmtinkunaco.ar\/index.php?rest_route=%2Fwp%2Fv2%2Fcategories&post=7042"},{"taxonomy":"post_tag","embeddable":true,"href":"https:\/\/fmtinkunaco.ar\/index.php?rest_route=%2Fwp%2Fv2%2Ftags&post=7042"}],"curies":[{"name":"wp","href":"https:\/\/api.w.org\/{rel}","templated":true}]}}