{"id":7048,"date":"2025-03-18T13:28:13","date_gmt":"2025-03-18T16:28:13","guid":{"rendered":"https:\/\/fmtinkunaco.ar\/?p=7048"},"modified":"2025-03-18T13:28:13","modified_gmt":"2025-03-18T16:28:13","slug":"festival-itumemoria-2025-memoria-y-disidencias","status":"publish","type":"post","link":"https:\/\/fmtinkunaco.ar\/?p=7048","title":{"rendered":"Festival ItuMemoria 2025 \u201cMemoria y Disidencias\u201d"},"content":{"rendered":"\n<p>Artistas autoconvocados de la regi\u00f3n invitan a participar de la nueva edici\u00f3n de ItuMemoria, un Encuentro de Muralismo por la Memoria, Verdad y Justicia. Este encuentro ser\u00e1 el 29 y 30 de marzo, contar\u00e1 con murales, m\u00fasica en vivo y feria popular.<\/p>\n\n\n\n<p>Anah\u00ed Rojas es artista y educadora popular y se refiri\u00f3 a la jornada \u201c<em>Es el segundo encuentro de muralistas en Ituizang\u00f3, muy contentos porque vienen un mont\u00f3n de artistas disidentes. El a\u00f1o pasado hicimos el primer encuentro y se llamaba Memoria y Carnaval, este a\u00f1o el encuentro tiene la consigan de llamarse Memoria y Disidencias\u201d.<\/em><\/p>\n\n\n\n<p>Con respecto a la primera edici\u00f3n del Itumemoria, Rojas mencionaba \u201c<em>Fue una fiesta, itumemoria fueron dos d\u00edas donde estuvimos pintando, donde estuvimos cantando, donde estuvo la murga de los que quedamos\u201d.<\/em><\/p>\n\n\n\n<p>Por \u00faltimo, Rojas menciona la importancia de estas actividades en el contexto pol\u00edtico donde se ubica \u201c<em>Sumamente dif\u00edcil de abordar en tiempos negacionistas, pero bueno es a donde m\u00e1s hay que hacer fuerza y donde m\u00e1s hay que militar la memoria\u201d.<\/em><\/p>\n\n\n\n<p>La direcci\u00f3n del Festival ser\u00e1 en Aguaribay 2736, Ituizang\u00f3.<\/p>\n\n\n<div class=\"wp-block-image\">\n<figure class=\"aligncenter size-large is-resized\"><img loading=\"lazy\" decoding=\"async\" width=\"819\" height=\"1024\" src=\"https:\/\/fmtinkunaco.ar\/wp-content\/uploads\/2025\/03\/047b72b8-83d2-479e-b529-823c5d7a4625-819x1024.jpeg\" alt=\"\" class=\"wp-image-7051\" style=\"aspect-ratio:0.7998046875;width:532px;height:auto\" srcset=\"https:\/\/fmtinkunaco.ar\/wp-content\/uploads\/2025\/03\/047b72b8-83d2-479e-b529-823c5d7a4625-819x1024.jpeg 819w, https:\/\/fmtinkunaco.ar\/wp-content\/uploads\/2025\/03\/047b72b8-83d2-479e-b529-823c5d7a4625-240x300.jpeg 240w, https:\/\/fmtinkunaco.ar\/wp-content\/uploads\/2025\/03\/047b72b8-83d2-479e-b529-823c5d7a4625-768x960.jpeg 768w, https:\/\/fmtinkunaco.ar\/wp-content\/uploads\/2025\/03\/047b72b8-83d2-479e-b529-823c5d7a4625.jpeg 1081w\" sizes=\"auto, (max-width: 819px) 100vw, 819px\" \/><\/figure>\n<\/div>\n\n\n<p>Entrevista Completa en el Noticiero<\/p>\n\n\n<p><iframe loading=\"lazy\" src=\"https:\/\/archive.org\/embed\/entrevista-anahi-ruth-rojas-18-03-25\" width=\"500\" height=\"60\" frameborder=\"0\" webkitallowfullscreen=\"true\" mozallowfullscreen=\"true\" allowfullscreen><\/iframe><\/p>\n\n\n<p><a href=\"https:\/\/archive.org\/details\/entrevista-anahi-ruth-rojas-18-03-25\" data-type=\"link\" data-id=\"https:\/\/archive.org\/details\/entrevista-anahi-ruth-rojas-18-03-25\">Descargar<\/a><\/p>\n","protected":false},"excerpt":{"rendered":"<p>Artistas autoconvocados de la regi\u00f3n invitan a participar de la nueva edici\u00f3n de ItuMemoria, un Encuentro de Muralismo por la Memoria, Verdad y Justicia. Este encuentro ser\u00e1 el 29 y 30 de marzo, contar\u00e1 con murales, m\u00fasica en vivo y feria popular. Anah\u00ed Rojas es artista y educadora popular y se refiri\u00f3 a la jornada [&hellip;]<\/p>\n","protected":false},"author":1,"featured_media":7049,"comment_status":"open","ping_status":"open","sticky":false,"template":"","format":"standard","meta":{"footnotes":""},"categories":[1],"tags":[],"class_list":["post-7048","post","type-post","status-publish","format-standard","has-post-thumbnail","hentry","category-blog"],"_links":{"self":[{"href":"https:\/\/fmtinkunaco.ar\/index.php?rest_route=\/wp\/v2\/posts\/7048","targetHints":{"allow":["GET"]}}],"collection":[{"href":"https:\/\/fmtinkunaco.ar\/index.php?rest_route=\/wp\/v2\/posts"}],"about":[{"href":"https:\/\/fmtinkunaco.ar\/index.php?rest_route=\/wp\/v2\/types\/post"}],"author":[{"embeddable":true,"href":"https:\/\/fmtinkunaco.ar\/index.php?rest_route=\/wp\/v2\/users\/1"}],"replies":[{"embeddable":true,"href":"https:\/\/fmtinkunaco.ar\/index.php?rest_route=%2Fwp%2Fv2%2Fcomments&post=7048"}],"version-history":[{"count":1,"href":"https:\/\/fmtinkunaco.ar\/index.php?rest_route=\/wp\/v2\/posts\/7048\/revisions"}],"predecessor-version":[{"id":7052,"href":"https:\/\/fmtinkunaco.ar\/index.php?rest_route=\/wp\/v2\/posts\/7048\/revisions\/7052"}],"wp:featuredmedia":[{"embeddable":true,"href":"https:\/\/fmtinkunaco.ar\/index.php?rest_route=\/wp\/v2\/media\/7049"}],"wp:attachment":[{"href":"https:\/\/fmtinkunaco.ar\/index.php?rest_route=%2Fwp%2Fv2%2Fmedia&parent=7048"}],"wp:term":[{"taxonomy":"category","embeddable":true,"href":"https:\/\/fmtinkunaco.ar\/index.php?rest_route=%2Fwp%2Fv2%2Fcategories&post=7048"},{"taxonomy":"post_tag","embeddable":true,"href":"https:\/\/fmtinkunaco.ar\/index.php?rest_route=%2Fwp%2Fv2%2Ftags&post=7048"}],"curies":[{"name":"wp","href":"https:\/\/api.w.org\/{rel}","templated":true}]}}