{"id":7063,"date":"2025-03-28T14:00:19","date_gmt":"2025-03-28T17:00:19","guid":{"rendered":"https:\/\/fmtinkunaco.ar\/?p=7063"},"modified":"2025-03-28T14:00:19","modified_gmt":"2025-03-28T17:00:19","slug":"la-red-andando-inauguro-un-centro-de-salud-integral","status":"publish","type":"post","link":"https:\/\/fmtinkunaco.ar\/?p=7063","title":{"rendered":"La Red Andando inaugur\u00f3 un Centro de Salud Integral"},"content":{"rendered":"\n<p>La Red Andando, conformada por 16 centros comunitarios en barrios de Moreno y Merlo, abri\u00f3 las puertas de un nuevo espacio de Salud Integral en San Alberto, Cuartel V. Este espacio tiene como fin la prevenci\u00f3n y promoci\u00f3n de la Salud de su comunidad.<\/p>\n\n\n\n<p>Este espacio se pudo concretar en articulaci\u00f3n con estudiantes de la UNPAZ (Universidad Nacional de Jos\u00e9 C. Paz) de la carrera de medicina, as\u00ed como estudiantes de psicopedagog\u00eda, que forman parte de la Unidad Sanitaria Molina Campos.<\/p>\n\n\n\n<p>En comunicaci\u00f3n con Lujan Rosales, referente de la Red Andando, expon\u00eda sobre el espacio \u201c<em>Ten\u00eda que ser un espacio disponible para diversas cosas y atendiera a necesidades de chicos y familias, pero busc\u00e1ndole la vuelta por el lado de la salud integral. No solamente pensar en enfermedades sino un espacio para que las familias jueguen con sus chicos en un lugar protegido<\/em>\u201d.<\/p>\n\n\n\n<p>Dentro de este espacio participan y se especializan en acompa\u00f1ar situaciones y problem\u00e1ticas que afecten a ni\u00f1eces y familias \u00fanicamente de los centros comunitarios que abarcan.<\/p>\n\n\n\n<p>Con respecto a lo \u00faltimo, Rosales comentaba lo siguiente \u201c<em>Todas las cosas que a veces en un centro comunitario te desborda por la atenci\u00f3n y por la cantidad de chicos, y en un espacio as\u00ed que queda cerca se puede generar otros mecanismos y dispositivos\u201d.<\/em><\/p>\n\n\n\n<p>La inauguraci\u00f3n tuvo lugar en el centro, el cual se ubica entre Galarza y Loefler (Cuartel V, Moreno) al mediod\u00eda del viernes 21\/03.<\/p>\n\n\n\n<p>Entrevista Completa<\/p>\n\n\n<p><iframe loading=\"lazy\" src=\"https:\/\/archive.org\/embed\/entrevista-lujan-rosales-28-03-25\" width=\"500\" height=\"60\" frameborder=\"0\" webkitallowfullscreen=\"true\" mozallowfullscreen=\"true\" allowfullscreen><\/iframe><\/p>\n\n\n<p><a href=\"https:\/\/archive.org\/details\/entrevista-lujan-rosales-28-03-25\" data-type=\"link\" data-id=\"https:\/\/archive.org\/details\/entrevista-lujan-rosales-28-03-25\">Descargar<\/a><\/p>\n","protected":false},"excerpt":{"rendered":"<p>La Red Andando, conformada por 16 centros comunitarios en barrios de Moreno y Merlo, abri\u00f3 las puertas de un nuevo espacio de Salud Integral en San Alberto, Cuartel V. Este espacio tiene como fin la prevenci\u00f3n y promoci\u00f3n de la Salud de su comunidad. Este espacio se pudo concretar en articulaci\u00f3n con estudiantes de la [&hellip;]<\/p>\n","protected":false},"author":1,"featured_media":7064,"comment_status":"open","ping_status":"open","sticky":false,"template":"","format":"standard","meta":{"footnotes":""},"categories":[1],"tags":[],"class_list":["post-7063","post","type-post","status-publish","format-standard","has-post-thumbnail","hentry","category-blog"],"_links":{"self":[{"href":"https:\/\/fmtinkunaco.ar\/index.php?rest_route=\/wp\/v2\/posts\/7063","targetHints":{"allow":["GET"]}}],"collection":[{"href":"https:\/\/fmtinkunaco.ar\/index.php?rest_route=\/wp\/v2\/posts"}],"about":[{"href":"https:\/\/fmtinkunaco.ar\/index.php?rest_route=\/wp\/v2\/types\/post"}],"author":[{"embeddable":true,"href":"https:\/\/fmtinkunaco.ar\/index.php?rest_route=\/wp\/v2\/users\/1"}],"replies":[{"embeddable":true,"href":"https:\/\/fmtinkunaco.ar\/index.php?rest_route=%2Fwp%2Fv2%2Fcomments&post=7063"}],"version-history":[{"count":1,"href":"https:\/\/fmtinkunaco.ar\/index.php?rest_route=\/wp\/v2\/posts\/7063\/revisions"}],"predecessor-version":[{"id":7065,"href":"https:\/\/fmtinkunaco.ar\/index.php?rest_route=\/wp\/v2\/posts\/7063\/revisions\/7065"}],"wp:featuredmedia":[{"embeddable":true,"href":"https:\/\/fmtinkunaco.ar\/index.php?rest_route=\/wp\/v2\/media\/7064"}],"wp:attachment":[{"href":"https:\/\/fmtinkunaco.ar\/index.php?rest_route=%2Fwp%2Fv2%2Fmedia&parent=7063"}],"wp:term":[{"taxonomy":"category","embeddable":true,"href":"https:\/\/fmtinkunaco.ar\/index.php?rest_route=%2Fwp%2Fv2%2Fcategories&post=7063"},{"taxonomy":"post_tag","embeddable":true,"href":"https:\/\/fmtinkunaco.ar\/index.php?rest_route=%2Fwp%2Fv2%2Ftags&post=7063"}],"curies":[{"name":"wp","href":"https:\/\/api.w.org\/{rel}","templated":true}]}}