{"id":7072,"date":"2025-04-01T12:44:42","date_gmt":"2025-04-01T15:44:42","guid":{"rendered":"https:\/\/fmtinkunaco.ar\/?p=7072"},"modified":"2025-04-03T09:18:25","modified_gmt":"2025-04-03T12:18:25","slug":"abril-se-pinta-de-azul-jornada-de-concientizacion-del-autismo-en-jose-c-paz","status":"publish","type":"post","link":"https:\/\/fmtinkunaco.ar\/?p=7072","title":{"rendered":"\u201cAbril se pinta de azul\u201d Jornada de concientizaci\u00f3n del Autismo en Jos\u00e9 C. Paz"},"content":{"rendered":"\n<p>La organizaci\u00f3n Padres Tea Jos\u00e9 C. Paz invita a una jornada libre y gratuita en el marco del D\u00eda Mundial de la Concientizaci\u00f3n sobre el Autismo. Dentro de esta habr\u00e1 puestos informativos, juegos, actos de magia y actividades para realizar en familia.<\/p>\n\n\n\n<p>Claudia Zarate, mam\u00e1 referente e integrante de TGD Padres Tea Jos\u00e9. C. Paz, se refiri\u00f3 a la situaci\u00f3n como \u201c<em>Viene muy complicado, no conseguimos acompa\u00f1ante terap\u00e9utico, no pueden entrar al colegio. Los chicos aparte de tener TEA empiezan a tener esquizofrenia por no tener el tratamiento completo porque se corta el tratamiento, porque las obras sociales no pagan a los prestadores. Es todo un c\u00edrculo vicioso bastante doloroso. Las docentes no tienen herramientas para poder atender a nuestros hijos. Necesitamos, pedimos, reclamamos que por favor en esta jornada este presente la Secretaria de Salud, la Direcci\u00f3n de Discapacidad, para que puedan nutrirse, para que puedan aprender (\u2026) Que sepan que el autismo tambi\u00e9n es patria, y ellos son seres de este distrito y de este pa\u00eds\u201d.<\/em><\/p>\n\n\n\n<p>Sobre la elecci\u00f3n del espacio, Claudia mencionaba \u201c<em>Es un lugar amigable para quienes tienen s\u00edndrome escapista, no tienen tope para correr, para escaparse. La gente del polideportivo cuida la puerta y nosotros podemos tener una jornada bastante distendida, tomar mate. Es un espacio grande y la gente que trabaja ah\u00ed tiene empat\u00eda\u201d.<\/em><\/p>\n\n\n<div class=\"wp-block-image\">\n<figure class=\"aligncenter size-full\"><img loading=\"lazy\" decoding=\"async\" width=\"720\" height=\"405\" src=\"https:\/\/fmtinkunaco.ar\/wp-content\/uploads\/2025\/04\/WhatsApp-Image-2025-04-01-at-13.18.24.jpeg\" alt=\"\" class=\"wp-image-7079\" srcset=\"https:\/\/fmtinkunaco.ar\/wp-content\/uploads\/2025\/04\/WhatsApp-Image-2025-04-01-at-13.18.24.jpeg 720w, https:\/\/fmtinkunaco.ar\/wp-content\/uploads\/2025\/04\/WhatsApp-Image-2025-04-01-at-13.18.24-300x169.jpeg 300w\" sizes=\"auto, (max-width: 720px) 100vw, 720px\" \/><\/figure>\n<\/div>\n\n\n<p>La jornada tendr\u00e1 lugar el 12 de abril a las 13:00hs en el Polideportivo Municipal, Arregui 397 (Jos\u00e9 C. Paz).<\/p>\n\n\n<div class=\"wp-block-image\">\n<figure class=\"aligncenter size-large is-resized\"><img loading=\"lazy\" decoding=\"async\" width=\"722\" height=\"1024\" src=\"https:\/\/fmtinkunaco.ar\/wp-content\/uploads\/2025\/04\/WhatsApp-Image-2025-03-31-at-16.32.22-722x1024.jpeg\" alt=\"\" class=\"wp-image-7074\" style=\"aspect-ratio:0.70546875;width:240px;height:auto\" srcset=\"https:\/\/fmtinkunaco.ar\/wp-content\/uploads\/2025\/04\/WhatsApp-Image-2025-03-31-at-16.32.22-722x1024.jpeg 722w, https:\/\/fmtinkunaco.ar\/wp-content\/uploads\/2025\/04\/WhatsApp-Image-2025-03-31-at-16.32.22-212x300.jpeg 212w, https:\/\/fmtinkunaco.ar\/wp-content\/uploads\/2025\/04\/WhatsApp-Image-2025-03-31-at-16.32.22-768x1089.jpeg 768w, https:\/\/fmtinkunaco.ar\/wp-content\/uploads\/2025\/04\/WhatsApp-Image-2025-03-31-at-16.32.22.jpeg 903w\" sizes=\"auto, (max-width: 722px) 100vw, 722px\" \/><\/figure>\n<\/div>\n\n\n<p><a href=\"https:\/\/archive.org\/details\/entrevista-claudia-zarate-01-04-25\" data-type=\"link\" data-id=\"https:\/\/archive.org\/details\/entrevista-claudia-zarate-01-04-25\">Entrevista Completa<\/a><\/p>\n\n\n<p><iframe loading=\"lazy\" src=\"https:\/\/archive.org\/embed\/entrevista-claudia-zarate-01-04-25\" width=\"500\" height=\"60\" frameborder=\"0\" webkitallowfullscreen=\"true\" mozallowfullscreen=\"true\" allowfullscreen><\/iframe><\/p>\n\n\n<p>Descargar<\/p>\n","protected":false},"excerpt":{"rendered":"<p>La organizaci\u00f3n Padres Tea Jos\u00e9 C. Paz invita a una jornada libre y gratuita en el marco del D\u00eda Mundial de la Concientizaci\u00f3n sobre el Autismo. Dentro de esta habr\u00e1 puestos informativos, juegos, actos de magia y actividades para realizar en familia. Claudia Zarate, mam\u00e1 referente e integrante de TGD Padres Tea Jos\u00e9. C. Paz, [&hellip;]<\/p>\n","protected":false},"author":1,"featured_media":7082,"comment_status":"open","ping_status":"open","sticky":false,"template":"","format":"standard","meta":{"footnotes":""},"categories":[1],"tags":[],"class_list":["post-7072","post","type-post","status-publish","format-standard","has-post-thumbnail","hentry","category-blog"],"_links":{"self":[{"href":"https:\/\/fmtinkunaco.ar\/index.php?rest_route=\/wp\/v2\/posts\/7072","targetHints":{"allow":["GET"]}}],"collection":[{"href":"https:\/\/fmtinkunaco.ar\/index.php?rest_route=\/wp\/v2\/posts"}],"about":[{"href":"https:\/\/fmtinkunaco.ar\/index.php?rest_route=\/wp\/v2\/types\/post"}],"author":[{"embeddable":true,"href":"https:\/\/fmtinkunaco.ar\/index.php?rest_route=\/wp\/v2\/users\/1"}],"replies":[{"embeddable":true,"href":"https:\/\/fmtinkunaco.ar\/index.php?rest_route=%2Fwp%2Fv2%2Fcomments&post=7072"}],"version-history":[{"count":2,"href":"https:\/\/fmtinkunaco.ar\/index.php?rest_route=\/wp\/v2\/posts\/7072\/revisions"}],"predecessor-version":[{"id":7080,"href":"https:\/\/fmtinkunaco.ar\/index.php?rest_route=\/wp\/v2\/posts\/7072\/revisions\/7080"}],"wp:featuredmedia":[{"embeddable":true,"href":"https:\/\/fmtinkunaco.ar\/index.php?rest_route=\/wp\/v2\/media\/7082"}],"wp:attachment":[{"href":"https:\/\/fmtinkunaco.ar\/index.php?rest_route=%2Fwp%2Fv2%2Fmedia&parent=7072"}],"wp:term":[{"taxonomy":"category","embeddable":true,"href":"https:\/\/fmtinkunaco.ar\/index.php?rest_route=%2Fwp%2Fv2%2Fcategories&post=7072"},{"taxonomy":"post_tag","embeddable":true,"href":"https:\/\/fmtinkunaco.ar\/index.php?rest_route=%2Fwp%2Fv2%2Ftags&post=7072"}],"curies":[{"name":"wp","href":"https:\/\/api.w.org\/{rel}","templated":true}]}}