{"id":7083,"date":"2025-04-03T13:23:08","date_gmt":"2025-04-03T16:23:08","guid":{"rendered":"https:\/\/fmtinkunaco.ar\/?p=7083"},"modified":"2025-04-03T13:23:08","modified_gmt":"2025-04-03T16:23:08","slug":"el-instituto-superior-de-formacion-docente-n36-sigue-en-lucha-por-un-edificio-unico","status":"publish","type":"post","link":"https:\/\/fmtinkunaco.ar\/?p=7083","title":{"rendered":"El Instituto Superior de Formaci\u00f3n Docente N\u00b036 sigue en lucha por un edificio \u00fanico"},"content":{"rendered":"\n<p>La comunidad educativa del Instituto Superior de Formaci\u00f3n Docente N\u00b036 continua reclamando actualizaciones sobre el estado de la construcci\u00f3n de un edificio propio. Hace m\u00e1s de 30 a\u00f1os que el Instituto forma docentes en edificios prestados, actualmente forma a sus estudiantes en la escuela primaria 2 y en la escuela primaria 14.<\/p>\n\n\n\n<p>Betania Oreja Cerruti, integrante del equipo docente del Instituto Superior de Formaci\u00f3n Docente N\u00b0 36, se refer\u00eda a la situaci\u00f3n <em>\u201cnos alegr\u00f3 que el a\u00f1o pasado el Municipio nos plantee que construir\u00eda el edificio pero entendemos que la Provincia no puede no responsabilizarse de su funci\u00f3n. Y al mismo tiempo vamos tratando de acompa\u00f1ar los reclamos por infraestructura de las dos escuelas primarias donde funciona el profesorado\u201d<\/em><\/p>\n\n\n\n<p>El instituto va a cumplir 37 a\u00f1os y funciona en distintas escuelas primarias cuyos problemas de infraestructura no dejan de agravarse. Por \u00faltimo, Cerruti mencionaba el seguimiento de esta lucha \u201c<em>La sensaci\u00f3n es que tenes que estar casi d\u00eda a d\u00eda para que logres algo que en verdad es una responsabilidad del consejo escolar\u201d.<\/em><\/p>\n\n\n\n<p>Por lo pronto, el reclamo sigue abierto y consiguieron crear un expediente en la secretar\u00eda de la Municipalidad, pero contin\u00faan esperando actualizaciones al respecto.<\/p>\n\n\n\n<p>Entrevista Completa<\/p>\n\n\n\n<p>Descargar<\/p>\n\n\n<audio class=\"wp-audio-shortcode\" id=\"audio-7083-2\" preload=\"none\" style=\"width: 100%;\" controls=\"controls\"><source type=\"audio\/mpeg\" src=\"https:\/\/ia601306.us.archive.org\/9\/items\/audio-betania-cerruti-03-04-2025\/AUDIO%20-%20BETANIA%20CERRUTI%2003%2004%202025.mp3?_=2\" \/><a href=\"https:\/\/ia601306.us.archive.org\/9\/items\/audio-betania-cerruti-03-04-2025\/AUDIO%20-%20BETANIA%20CERRUTI%2003%2004%202025.mp3\">https:\/\/ia601306.us.archive.org\/9\/items\/audio-betania-cerruti-03-04-2025\/AUDIO%20-%20BETANIA%20CERRUTI%2003%2004%202025.mp3<\/a><\/audio><div class=\"powerpress_player\" id=\"powerpress_player_57\"><audio class=\"wp-audio-shortcode\" id=\"audio-7083-1\" preload=\"none\" style=\"width: 100%;\" controls=\"controls\"><source type=\"audio\/mpeg\" src=\"https:\/\/ia601306.us.archive.org\/9\/items\/audio-betania-cerruti-03-04-2025\/AUDIO%20-%20BETANIA%20CERRUTI%2003%2004%202025.mp3?_=1\" \/><a href=\"https:\/\/ia601306.us.archive.org\/9\/items\/audio-betania-cerruti-03-04-2025\/AUDIO%20-%20BETANIA%20CERRUTI%2003%2004%202025.mp3\">https:\/\/ia601306.us.archive.org\/9\/items\/audio-betania-cerruti-03-04-2025\/AUDIO%20-%20BETANIA%20CERRUTI%2003%2004%202025.mp3<\/a><\/audio><\/div><p class=\"powerpress_links powerpress_links_mp3\" style=\"margin-bottom: 1px !important;\">Podcast: <a href=\"https:\/\/ia601306.us.archive.org\/9\/items\/audio-betania-cerruti-03-04-2025\/AUDIO%20-%20BETANIA%20CERRUTI%2003%2004%202025.mp3\" class=\"powerpress_link_pinw\" target=\"_blank\" title=\"Reproducir en una nueva ventana\" onclick=\"return powerpress_pinw('https:\/\/fmtinkunaco.ar\/?powerpress_pinw=7083-podcast');\" rel=\"nofollow\">Reproducir en una nueva ventana<\/a> | <a href=\"https:\/\/ia601306.us.archive.org\/9\/items\/audio-betania-cerruti-03-04-2025\/AUDIO%20-%20BETANIA%20CERRUTI%2003%2004%202025.mp3\" class=\"powerpress_link_d\" title=\"Descargar\" rel=\"nofollow\" download=\"AUDIO%20-%20BETANIA%20CERRUTI%2003%2004%202025.mp3\">Descargar<\/a><\/p>","protected":false},"excerpt":{"rendered":"<p>La comunidad educativa del Instituto Superior de Formaci\u00f3n Docente N\u00b036 continua reclamando actualizaciones sobre el estado de la construcci\u00f3n de un edificio propio. Hace m\u00e1s de 30 a\u00f1os que el Instituto forma docentes en edificios prestados, actualmente forma a sus estudiantes en la escuela primaria 2 y en la escuela primaria 14. Betania Oreja Cerruti, [&hellip;]<\/p>\n","protected":false},"author":1,"featured_media":7084,"comment_status":"open","ping_status":"open","sticky":false,"template":"","format":"standard","meta":{"footnotes":""},"categories":[1],"tags":[],"class_list":["post-7083","post","type-post","status-publish","format-standard","has-post-thumbnail","hentry","category-blog"],"_links":{"self":[{"href":"https:\/\/fmtinkunaco.ar\/index.php?rest_route=\/wp\/v2\/posts\/7083","targetHints":{"allow":["GET"]}}],"collection":[{"href":"https:\/\/fmtinkunaco.ar\/index.php?rest_route=\/wp\/v2\/posts"}],"about":[{"href":"https:\/\/fmtinkunaco.ar\/index.php?rest_route=\/wp\/v2\/types\/post"}],"author":[{"embeddable":true,"href":"https:\/\/fmtinkunaco.ar\/index.php?rest_route=\/wp\/v2\/users\/1"}],"replies":[{"embeddable":true,"href":"https:\/\/fmtinkunaco.ar\/index.php?rest_route=%2Fwp%2Fv2%2Fcomments&post=7083"}],"version-history":[{"count":1,"href":"https:\/\/fmtinkunaco.ar\/index.php?rest_route=\/wp\/v2\/posts\/7083\/revisions"}],"predecessor-version":[{"id":7085,"href":"https:\/\/fmtinkunaco.ar\/index.php?rest_route=\/wp\/v2\/posts\/7083\/revisions\/7085"}],"wp:featuredmedia":[{"embeddable":true,"href":"https:\/\/fmtinkunaco.ar\/index.php?rest_route=\/wp\/v2\/media\/7084"}],"wp:attachment":[{"href":"https:\/\/fmtinkunaco.ar\/index.php?rest_route=%2Fwp%2Fv2%2Fmedia&parent=7083"}],"wp:term":[{"taxonomy":"category","embeddable":true,"href":"https:\/\/fmtinkunaco.ar\/index.php?rest_route=%2Fwp%2Fv2%2Fcategories&post=7083"},{"taxonomy":"post_tag","embeddable":true,"href":"https:\/\/fmtinkunaco.ar\/index.php?rest_route=%2Fwp%2Fv2%2Ftags&post=7083"}],"curies":[{"name":"wp","href":"https:\/\/api.w.org\/{rel}","templated":true}]}}