{"id":7087,"date":"2025-04-04T14:01:03","date_gmt":"2025-04-04T17:01:03","guid":{"rendered":"https:\/\/fmtinkunaco.ar\/?p=7087"},"modified":"2025-04-04T14:01:43","modified_gmt":"2025-04-04T17:01:43","slug":"centro-comunitario-belen-peligra-el-sostenimiento-de-la-comida-de-350-infancias","status":"publish","type":"post","link":"https:\/\/fmtinkunaco.ar\/?p=7087","title":{"rendered":"Centro Comunitario Bel\u00e9n: peligra el sostenimiento de la comida de 350 infancias"},"content":{"rendered":"\n<p>El Centro Comunitario Bel\u00e9n, ubicado en el barrio de San Atilio Jos\u00e9 C. Paz, asiste y acompa\u00f1a a m\u00e1s de 350 familias y garantiza el alimento a trav\u00e9s de una beca llamada PNUD (Programa de las Naciones Unidas para el Desarrollo), la cual no est\u00e1 realizando el desembolso correspondiente.<\/p>\n\n\n\n<p>Bel\u00e9n Ben\u00edtez, Coordinadora del Centro Comunitario Bel\u00e9n, explicaba \u201c<em>PNUD lo que nos permite a nosotros es cocinar, es algo b\u00e1sico dentro de nuestra organizaci\u00f3n. Lo que est\u00e1 pasando es que no actualizan la tarifa, estamos dando desayuno, almuerzo y merienda por 743 pesos por infancia y adolescencia, hacemos los malabares que necesitamos hacer para poder cocinar y para las viandas de afuera en el barrio. Se renuevan los convenios semestrales, estar\u00edamos renovando a finales del mes pasado. El problema es que no hubo desembolso, hace tres semanas que estamos sin desembolso, estamos descubiertos. Estamos subsistiendo con el desembolso anterior, tratamos de guardar mercader\u00eda y tener para funcionar este tiempo hasta que llegara el desembolso del nuevo convenio que estaba firmado, eso no pas\u00f3\u201d.<\/em><\/p>\n\n\n\n<p>El Centro Comunitario Bel\u00e9n integra la Red El Encuentro la cual est\u00e1 conformada por 16 centros comunitarios de las zonas: Jos\u00e9 C. Paz, Moreno, San Miguel y Malvinas Argentinas.<\/p>\n\n\n\n<p>La situaci\u00f3n de los centros es cr\u00edtica, sin el desembolso y sin poder continuar recibiendo la beca, el futuro de las familias del centro y de las educadoras es incierta y desesperanzadora. Asimismo, Bel\u00e9n comentaba sobre los centros \u201c<em>Llegamos a la conclusi\u00f3n con otros compa\u00f1eros que est\u00e1n en la misma situaci\u00f3n, que vamos a cocinar hasta el viernes 11. Ese viernes nos reunimos haya o no haya desembolso, porque el PNUD funciona hasta junio, la situaci\u00f3n es s\u00faper grave. No porque no tengamos el desembolso hoy, porque no sabemos en qu\u00e9 va a quedar nuestro financiamiento en junio. <strong>Perdemos ese financiamiento, perdemos la capacidad de darle alimento a nuestras infancias<\/strong>, <strong>a nuestras familias y a nuestra comunidad<\/strong>\u201d.<\/em><\/p>\n\n\n\n<p>Esto afecta no solo a las familias de los centros sino tambi\u00e9n a las educadoras que los llevan adelante. Incluso cobrando incentivos que no cubren la canasta b\u00e1sica, las educadoras son el pilar del desarrollo y acompa\u00f1amiento de las infancias. Con respecto a la falta de reconocimiento del trabajo popular, Bel\u00e9n concluy\u00f3 <em>\u201cSomos familias, somos mujeres que llevamos adelante un mont\u00f3n de acciones de cuidados, sostenemos un mont\u00f3n de situaciones que son l\u00edmites, del d\u00eda a d\u00eda\u201d.<\/em><\/p>\n\n\n\n<p>Entrevista Completa<\/p>\n\n\n<p><iframe loading=\"lazy\" src=\"https:\/\/archive.org\/embed\/entrevista-belen-benitez-04-04-25\" width=\"500\" height=\"60\" frameborder=\"0\" webkitallowfullscreen=\"true\" mozallowfullscreen=\"true\" allowfullscreen><\/iframe\n<\/p>\n\n\n<p><a href=\"https:\/\/archive.org\/details\/entrevista-belen-benitez-04-04-25\" data-type=\"link\" data-id=\"https:\/\/archive.org\/details\/entrevista-belen-benitez-04-04-25\">Descargar<\/a><\/p>\n","protected":false},"excerpt":{"rendered":"<p>El Centro Comunitario Bel\u00e9n, ubicado en el barrio de San Atilio Jos\u00e9 C. Paz, asiste y acompa\u00f1a a m\u00e1s de 350 familias y garantiza el alimento a trav\u00e9s de una beca llamada PNUD (Programa de las Naciones Unidas para el Desarrollo), la cual no est\u00e1 realizando el desembolso correspondiente. Bel\u00e9n Ben\u00edtez, Coordinadora del Centro Comunitario [&hellip;]<\/p>\n","protected":false},"author":1,"featured_media":7088,"comment_status":"open","ping_status":"open","sticky":false,"template":"","format":"standard","meta":{"footnotes":""},"categories":[1],"tags":[],"class_list":["post-7087","post","type-post","status-publish","format-standard","has-post-thumbnail","hentry","category-blog"],"_links":{"self":[{"href":"https:\/\/fmtinkunaco.ar\/index.php?rest_route=\/wp\/v2\/posts\/7087","targetHints":{"allow":["GET"]}}],"collection":[{"href":"https:\/\/fmtinkunaco.ar\/index.php?rest_route=\/wp\/v2\/posts"}],"about":[{"href":"https:\/\/fmtinkunaco.ar\/index.php?rest_route=\/wp\/v2\/types\/post"}],"author":[{"embeddable":true,"href":"https:\/\/fmtinkunaco.ar\/index.php?rest_route=\/wp\/v2\/users\/1"}],"replies":[{"embeddable":true,"href":"https:\/\/fmtinkunaco.ar\/index.php?rest_route=%2Fwp%2Fv2%2Fcomments&post=7087"}],"version-history":[{"count":1,"href":"https:\/\/fmtinkunaco.ar\/index.php?rest_route=\/wp\/v2\/posts\/7087\/revisions"}],"predecessor-version":[{"id":7089,"href":"https:\/\/fmtinkunaco.ar\/index.php?rest_route=\/wp\/v2\/posts\/7087\/revisions\/7089"}],"wp:featuredmedia":[{"embeddable":true,"href":"https:\/\/fmtinkunaco.ar\/index.php?rest_route=\/wp\/v2\/media\/7088"}],"wp:attachment":[{"href":"https:\/\/fmtinkunaco.ar\/index.php?rest_route=%2Fwp%2Fv2%2Fmedia&parent=7087"}],"wp:term":[{"taxonomy":"category","embeddable":true,"href":"https:\/\/fmtinkunaco.ar\/index.php?rest_route=%2Fwp%2Fv2%2Fcategories&post=7087"},{"taxonomy":"post_tag","embeddable":true,"href":"https:\/\/fmtinkunaco.ar\/index.php?rest_route=%2Fwp%2Fv2%2Ftags&post=7087"}],"curies":[{"name":"wp","href":"https:\/\/api.w.org\/{rel}","templated":true}]}}