{"id":7090,"date":"2025-04-07T12:40:12","date_gmt":"2025-04-07T15:40:12","guid":{"rendered":"https:\/\/fmtinkunaco.ar\/?p=7090"},"modified":"2025-04-08T10:57:52","modified_gmt":"2025-04-08T13:57:52","slug":"primer-reunion-organizativa-del-encuentro-regional-de-mujeres-lesbianas-bisexuales-travestis-trans-intersex-y-nobinaries-2025","status":"publish","type":"post","link":"https:\/\/fmtinkunaco.ar\/?p=7090","title":{"rendered":"Primer Reuni\u00f3n Organizativa del Encuentro Regional de Mujeres, Lesbianas, Bisexuales, Travestis, Trans, Intersex y NoBinaries 2025"},"content":{"rendered":"\n<p>El pr\u00f3ximo Encuentro Regional de Mujeres, Lesbianas, Bisexuales, Travestis, Trans, Intersex y NoBinaries esta aun en planificaci\u00f3n, es por esto que la Comisi\u00f3n Organizadora tendr\u00e1 su primer reuni\u00f3n el s\u00e1bado 12\/04 en Ituzaing\u00f3.<\/p>\n\n\n\n<p>Hablando con Ana Barreto, integrante de la Comisi\u00f3n Organizadora, mencionaba la modalidad de la reuni\u00f3n \u201c<em>Es sumamente abierto, puede participar quien quiera y quien le interese. Para quien quiera participar de este espacio\u201d.<\/em><\/p>\n\n\n\n<p>Sobre la elecci\u00f3n de la ubicaci\u00f3n de este a\u00f1o, Barreto explicaba \u201c<em>Pens\u00e1bamos esto de ir rotando las zonas y acercarnos m\u00e1s al oeste y que puedan participar los espacios, las organizaciones, las agrupaciones y las personas que participan de forma independiente tambi\u00e9n (\u2026) Debatiendo e intercambiando porque estos espacios se construyen de forma colectiva\u201d.<\/em><\/p>\n\n\n\n<p>Estas reuniones convocan a participar de forma activa en la comunicaci\u00f3n horizontal y en decisiones colectivas, Barreto comentaba sobre esto \u201c<em>La idea es que circule la palabra y empecemos a organizar este d\u00eda tan especial para nosotres que es el encuentro regional. El encuentro regional en si tiene la participaci\u00f3n de talleres, talleres de debate de intercambio que funcionan de manera horizontal en el intercambio de la palabra (\u2026) Cada uno de esos espacios requiere de trabajo y organizaci\u00f3n y poner el cuerpo, a partir de esta comisi\u00f3n organizadora es que van surgiendo el laburo de cada uno de esos espacios que despu\u00e9s confluyen el d\u00eda del encuentro. Es mucho laburo previo para ponernos de acuerdo\u201d.<\/em><\/p>\n\n\n\n<p>La reuni\u00f3n ser\u00e1 el s\u00e1bado 12 de abril a las 14 hs. en la Escuela T\u00e9cnica N\u00b01 (Mansilla 877 entre Soler y Las Heras) a dos cuadras de la Estaci\u00f3n de Ituzaing\u00f3.<\/p>\n\n\n\n<p>Entrevista Completa <\/p>\n\n\n<p><iframe loading=\"lazy\" src=\"https:\/\/archive.org\/embed\/entrevista-ana-barreto-ermlbttnb-07-04-25\" width=\"500\" height=\"60\" frameborder=\"0\" webkitallowfullscreen=\"true\" mozallowfullscreen=\"true\" allowfullscreen><\/iframe><\/p>\n\n\n<p><a href=\"https:\/\/archive.org\/details\/entrevista-ana-barreto-ermlbttnb-07-04-25\" data-type=\"link\" data-id=\"https:\/\/archive.org\/details\/entrevista-ana-barreto-ermlbttnb-07-04-25\">Descargar <\/a><\/p>\n","protected":false},"excerpt":{"rendered":"<p>El pr\u00f3ximo Encuentro Regional de Mujeres, Lesbianas, Bisexuales, Travestis, Trans, Intersex y NoBinaries esta aun en planificaci\u00f3n, es por esto que la Comisi\u00f3n Organizadora tendr\u00e1 su primer reuni\u00f3n el s\u00e1bado 12\/04 en Ituzaing\u00f3. Hablando con Ana Barreto, integrante de la Comisi\u00f3n Organizadora, mencionaba la modalidad de la reuni\u00f3n \u201cEs sumamente abierto, puede participar quien quiera [&hellip;]<\/p>\n","protected":false},"author":1,"featured_media":7091,"comment_status":"open","ping_status":"open","sticky":false,"template":"","format":"standard","meta":{"footnotes":""},"categories":[1],"tags":[],"class_list":["post-7090","post","type-post","status-publish","format-standard","has-post-thumbnail","hentry","category-blog"],"_links":{"self":[{"href":"https:\/\/fmtinkunaco.ar\/index.php?rest_route=\/wp\/v2\/posts\/7090","targetHints":{"allow":["GET"]}}],"collection":[{"href":"https:\/\/fmtinkunaco.ar\/index.php?rest_route=\/wp\/v2\/posts"}],"about":[{"href":"https:\/\/fmtinkunaco.ar\/index.php?rest_route=\/wp\/v2\/types\/post"}],"author":[{"embeddable":true,"href":"https:\/\/fmtinkunaco.ar\/index.php?rest_route=\/wp\/v2\/users\/1"}],"replies":[{"embeddable":true,"href":"https:\/\/fmtinkunaco.ar\/index.php?rest_route=%2Fwp%2Fv2%2Fcomments&post=7090"}],"version-history":[{"count":2,"href":"https:\/\/fmtinkunaco.ar\/index.php?rest_route=\/wp\/v2\/posts\/7090\/revisions"}],"predecessor-version":[{"id":7093,"href":"https:\/\/fmtinkunaco.ar\/index.php?rest_route=\/wp\/v2\/posts\/7090\/revisions\/7093"}],"wp:featuredmedia":[{"embeddable":true,"href":"https:\/\/fmtinkunaco.ar\/index.php?rest_route=\/wp\/v2\/media\/7091"}],"wp:attachment":[{"href":"https:\/\/fmtinkunaco.ar\/index.php?rest_route=%2Fwp%2Fv2%2Fmedia&parent=7090"}],"wp:term":[{"taxonomy":"category","embeddable":true,"href":"https:\/\/fmtinkunaco.ar\/index.php?rest_route=%2Fwp%2Fv2%2Fcategories&post=7090"},{"taxonomy":"post_tag","embeddable":true,"href":"https:\/\/fmtinkunaco.ar\/index.php?rest_route=%2Fwp%2Fv2%2Ftags&post=7090"}],"curies":[{"name":"wp","href":"https:\/\/api.w.org\/{rel}","templated":true}]}}