{"id":7094,"date":"2025-04-08T12:43:29","date_gmt":"2025-04-08T15:43:29","guid":{"rendered":"https:\/\/fmtinkunaco.ar\/?p=7094"},"modified":"2025-04-08T12:50:05","modified_gmt":"2025-04-08T15:50:05","slug":"festival-chispa-2025","status":"publish","type":"post","link":"https:\/\/fmtinkunaco.ar\/?p=7094","title":{"rendered":"Festival Chispa 2025"},"content":{"rendered":"\n<p>El pr\u00f3ximo 12 y 13 de abril se llevar\u00e1 adelante la quinta edici\u00f3n del Festival Chispa en el Multiespacio Cultural de la Universidad Nacional de General Sarmiento (Jos\u00e9 Le\u00f3n Su\u00e1rez 1751, Los Polvorines).<\/p>\n\n\n\n<p>En una entrevista Jos\u00e9 Albornoz, Coordinador del Festival, mencionaba que es \u201c<em>Un desaf\u00edo enorme sobre todo en este contexto tan amenazante para la universidad p\u00fablica, sostener este festival que trae alegr\u00eda, un debate sobre los derechos que tienen las infancias. El festival&nbsp; a trav\u00e9s de talleres, de actividades vinculadas a las ciencias, al juego, a la cultura, al arte, trae un poco esto que hoy est\u00e1 en peligro\u201d.<\/em><\/p>\n\n\n\n<p>\u201cChispa\u201d contar\u00e1 con talleres de arte, m\u00fasica, ciencia y danza, espect\u00e1culos musicales\/teatrales y una feria con diferentes productos para las infancias.<\/p>\n\n\n\n<p>Adem\u00e1s, durante el festival van a estar recibiendo donaciones que ser\u00e1n enviadas al Jard\u00edn 914 del Barrio San Mart\u00edn de Bah\u00eda Blanca, el cual sufri\u00f3 perdidas tras el \u00faltimo temporal. Para saber qu\u00e9 donaciones se puede hacer, pueden ingresar a las redes del Festival @<a href=\"https:\/\/www.instagram.com\/festival.chispa\/\" data-type=\"link\" data-id=\"https:\/\/www.instagram.com\/festival.chispa\/\">festival.chispa<\/a>.<\/p>\n\n\n\n<p>La invitaci\u00f3n es para el 12 y 13 de abril, de 14 a 20hs, en el Multiespacio cultural de la UNGS con entrada libre y gratuita.<\/p>\n\n\n\n<p>Compartimos entrevista completa<\/p>\n\n\n<p><iframe loading=\"lazy\" src=\"https:\/\/archive.org\/embed\/entrevista-jose-albornoz-chispa-08-04-25\" width=\"500\" height=\"60\" frameborder=\"0\" webkitallowfullscreen=\"true\" mozallowfullscreen=\"true\" allowfullscreen><\/iframe><\/p>\n\n\n<p><a href=\"https:\/\/archive.org\/details\/entrevista-jose-albornoz-chispa-08-04-25\" data-type=\"link\" data-id=\"https:\/\/archive.org\/details\/entrevista-jose-albornoz-chispa-08-04-25\">Descargar<\/a><\/p>\n","protected":false},"excerpt":{"rendered":"<p>El pr\u00f3ximo 12 y 13 de abril se llevar\u00e1 adelante la quinta edici\u00f3n del Festival Chispa en el Multiespacio Cultural de la Universidad Nacional de General Sarmiento (Jos\u00e9 Le\u00f3n Su\u00e1rez 1751, Los Polvorines). En una entrevista Jos\u00e9 Albornoz, Coordinador del Festival, mencionaba que es \u201cUn desaf\u00edo enorme sobre todo en este contexto tan amenazante para [&hellip;]<\/p>\n","protected":false},"author":1,"featured_media":7097,"comment_status":"open","ping_status":"open","sticky":false,"template":"","format":"standard","meta":{"footnotes":""},"categories":[1],"tags":[],"class_list":["post-7094","post","type-post","status-publish","format-standard","has-post-thumbnail","hentry","category-blog"],"_links":{"self":[{"href":"https:\/\/fmtinkunaco.ar\/index.php?rest_route=\/wp\/v2\/posts\/7094","targetHints":{"allow":["GET"]}}],"collection":[{"href":"https:\/\/fmtinkunaco.ar\/index.php?rest_route=\/wp\/v2\/posts"}],"about":[{"href":"https:\/\/fmtinkunaco.ar\/index.php?rest_route=\/wp\/v2\/types\/post"}],"author":[{"embeddable":true,"href":"https:\/\/fmtinkunaco.ar\/index.php?rest_route=\/wp\/v2\/users\/1"}],"replies":[{"embeddable":true,"href":"https:\/\/fmtinkunaco.ar\/index.php?rest_route=%2Fwp%2Fv2%2Fcomments&post=7094"}],"version-history":[{"count":2,"href":"https:\/\/fmtinkunaco.ar\/index.php?rest_route=\/wp\/v2\/posts\/7094\/revisions"}],"predecessor-version":[{"id":7098,"href":"https:\/\/fmtinkunaco.ar\/index.php?rest_route=\/wp\/v2\/posts\/7094\/revisions\/7098"}],"wp:featuredmedia":[{"embeddable":true,"href":"https:\/\/fmtinkunaco.ar\/index.php?rest_route=\/wp\/v2\/media\/7097"}],"wp:attachment":[{"href":"https:\/\/fmtinkunaco.ar\/index.php?rest_route=%2Fwp%2Fv2%2Fmedia&parent=7094"}],"wp:term":[{"taxonomy":"category","embeddable":true,"href":"https:\/\/fmtinkunaco.ar\/index.php?rest_route=%2Fwp%2Fv2%2Fcategories&post=7094"},{"taxonomy":"post_tag","embeddable":true,"href":"https:\/\/fmtinkunaco.ar\/index.php?rest_route=%2Fwp%2Fv2%2Ftags&post=7094"}],"curies":[{"name":"wp","href":"https:\/\/api.w.org\/{rel}","templated":true}]}}