{"id":7099,"date":"2025-04-09T13:46:41","date_gmt":"2025-04-09T16:46:41","guid":{"rendered":"https:\/\/fmtinkunaco.ar\/?p=7099"},"modified":"2025-04-09T13:46:41","modified_gmt":"2025-04-09T16:46:41","slug":"cierre-del-turismo-social-en-chapadmalal","status":"publish","type":"post","link":"https:\/\/fmtinkunaco.ar\/?p=7099","title":{"rendered":"Cierre del Turismo Social en Chapadmalal"},"content":{"rendered":"\n<p>El Ministerio de Turismo y Deportes entregar\u00e1 complejos tur\u00edsticos de Chapadmalal y Embalse a la Agencia de Administraci\u00f3n de Bienes del Estado para su venta o tercerizaci\u00f3n.<\/p>\n\n\n\n<p>El complejo de Chapadmalal desde hace a\u00f1os es espacio de encuentro del programa J\u00f3venes y Memoria, el cual est\u00e1 dirigido a escuelas y organizaciones sociales, pol\u00edticas y culturales de la provincia de Buenos Aires y propone a los equipos de trabajo que elaboren un proyecto de investigaci\u00f3n acerca de las memorias del pasado reciente o la vulneraci\u00f3n de los derechos humanos en democracia.<\/p>\n\n\n\n<p>Omar Foresti es Educador Popular del Centro Comunitario Providencia, que junto a j\u00f3venes y adolescentes forman parte del Programa J\u00f3venes y Memoria hace 10 a\u00f1os. Frente a la situaci\u00f3n de privatizaci\u00f3n de estos espacios, Foresti expresaba \u201c<em>Hay una cantidad impresionante de investigaciones sobre los derechos humanos, de los de ayer, de los de hoy. Los pibes te hablan en primera persona lo que cada pibe padece en su barrio y los logros que tienen en sus barrios los llevan a Chapa y en eso se produce un combo de proyectos, de ideas, de pibes y pibas debatiendo, desde una mirada inclusiva, donde se encuentran, donde no hay violencia y se respeta al otre. Todo enmarcado dentro del paisaje hermoso que es Chapadmalal, para muchos y muchas es conocer el mar\u201d.<\/em><\/p>\n\n\n\n<p>A la espera de una soluci\u00f3n y recomposici\u00f3n del sitio para los j\u00f3venes, se realizar\u00e1 un Abrazo simb\u00f3lico en los Hoteles en Chapadmalal el 12 de abril &nbsp;convocado por trabajadores y vecinos en reclamo de su privatizaci\u00f3n.<\/p>\n\n\n\n<p>Adem\u00e1s de eso, las inscripciones para el programa ya est\u00e1n abiertas y para registrarse deben usar el siguiente link: https:\/\/escuelas.comisionporlamemoria.org\/choose<\/p>\n\n\n\n<p>Entrevista Completa <\/p>\n\n\n<p><iframe loading=\"lazy\" src=\"https:\/\/archive.org\/embed\/entrevista-omar-foresti-09-04-25\" width=\"500\" height=\"60\" frameborder=\"0\" webkitallowfullscreen=\"true\" mozallowfullscreen=\"true\" allowfullscreen><\/iframe><\/p>\n\n\n<p><a href=\"https:\/\/archive.org\/details\/entrevista-omar-foresti-09-04-25\" data-type=\"link\" data-id=\"https:\/\/archive.org\/details\/entrevista-omar-foresti-09-04-25\">Descargar<\/a> <\/p>\n\n\n\n<p><\/p>\n","protected":false},"excerpt":{"rendered":"<p>El Ministerio de Turismo y Deportes entregar\u00e1 complejos tur\u00edsticos de Chapadmalal y Embalse a la Agencia de Administraci\u00f3n de Bienes del Estado para su venta o tercerizaci\u00f3n. El complejo de Chapadmalal desde hace a\u00f1os es espacio de encuentro del programa J\u00f3venes y Memoria, el cual est\u00e1 dirigido a escuelas y organizaciones sociales, pol\u00edticas y culturales [&hellip;]<\/p>\n","protected":false},"author":1,"featured_media":7100,"comment_status":"open","ping_status":"open","sticky":false,"template":"","format":"standard","meta":{"footnotes":""},"categories":[1],"tags":[],"class_list":["post-7099","post","type-post","status-publish","format-standard","has-post-thumbnail","hentry","category-blog"],"_links":{"self":[{"href":"https:\/\/fmtinkunaco.ar\/index.php?rest_route=\/wp\/v2\/posts\/7099","targetHints":{"allow":["GET"]}}],"collection":[{"href":"https:\/\/fmtinkunaco.ar\/index.php?rest_route=\/wp\/v2\/posts"}],"about":[{"href":"https:\/\/fmtinkunaco.ar\/index.php?rest_route=\/wp\/v2\/types\/post"}],"author":[{"embeddable":true,"href":"https:\/\/fmtinkunaco.ar\/index.php?rest_route=\/wp\/v2\/users\/1"}],"replies":[{"embeddable":true,"href":"https:\/\/fmtinkunaco.ar\/index.php?rest_route=%2Fwp%2Fv2%2Fcomments&post=7099"}],"version-history":[{"count":1,"href":"https:\/\/fmtinkunaco.ar\/index.php?rest_route=\/wp\/v2\/posts\/7099\/revisions"}],"predecessor-version":[{"id":7101,"href":"https:\/\/fmtinkunaco.ar\/index.php?rest_route=\/wp\/v2\/posts\/7099\/revisions\/7101"}],"wp:featuredmedia":[{"embeddable":true,"href":"https:\/\/fmtinkunaco.ar\/index.php?rest_route=\/wp\/v2\/media\/7100"}],"wp:attachment":[{"href":"https:\/\/fmtinkunaco.ar\/index.php?rest_route=%2Fwp%2Fv2%2Fmedia&parent=7099"}],"wp:term":[{"taxonomy":"category","embeddable":true,"href":"https:\/\/fmtinkunaco.ar\/index.php?rest_route=%2Fwp%2Fv2%2Fcategories&post=7099"},{"taxonomy":"post_tag","embeddable":true,"href":"https:\/\/fmtinkunaco.ar\/index.php?rest_route=%2Fwp%2Fv2%2Ftags&post=7099"}],"curies":[{"name":"wp","href":"https:\/\/api.w.org\/{rel}","templated":true}]}}