{"id":7102,"date":"2025-04-14T13:00:46","date_gmt":"2025-04-14T16:00:46","guid":{"rendered":"https:\/\/fmtinkunaco.ar\/?p=7102"},"modified":"2025-04-14T13:00:46","modified_gmt":"2025-04-14T16:00:46","slug":"jornada-vecinal-de-limpieza-en-el-arroyo-pinazo","status":"publish","type":"post","link":"https:\/\/fmtinkunaco.ar\/?p=7102","title":{"rendered":"Jornada Vecinal de Limpieza en el Arroyo Pinazo"},"content":{"rendered":"\n<p>El pr\u00f3ximo viernes 18 de abril se llevar\u00e1 a cabo una jornada de limpieza en el Arroyo Pinazo, convocada por vecinos del barrio. La jornada busca limpiar la rivera y esparcir semillas, adem\u00e1s de brindar un momento de respiraci\u00f3n y poes\u00eda.<\/p>\n\n\n\n<p>Carlos Martian, vecino del Arroyo Pinazo, comentaba \u201c<em>Para seguir defendiendo esta rivera que tiene una variedad de flora y tuvo una variedad de fauna, pero que todav\u00eda es una estaci\u00f3n de descanso para ciertas aves migratorias. Para que nos demos cuenta de la crisis ambiental que existe\u201d.<\/em><\/p>\n\n\n\n<p>La jornada cuenta con el apoyo de la Asociaci\u00f3n Civil Movimiento Ecol\u00f3gico y Trabajo Ambiental (METRAM), un movimiento conformado por vecinos de distintos barrios de Jos\u00e9 C. Paz, preocupados y ocupados por el ambiente.<\/p>\n\n\n\n<p>Convocan traer repelente, calzado seguro y cerrado, guantes fuertes, una manta y algo para compartir en la merienda. Tendr\u00e1 lugar entre las calles French y Chacabuco a partir de las15:30hs.<\/p>\n\n\n\n<p>Entrevista completa<\/p>\n\n\n<p><iframe loading=\"lazy\" src=\"https:\/\/archive.org\/embed\/entrevista-carlos-martian-arroyo-pinazo-14-04-25\" width=\"500\" height=\"60\" frameborder=\"0\" webkitallowfullscreen=\"true\" mozallowfullscreen=\"true\" allowfullscreen><\/iframe><\/p>\n\n\n<p><a href=\"https:\/\/archive.org\/details\/entrevista-carlos-martian-arroyo-pinazo-14-04-25\" data-type=\"link\" data-id=\"https:\/\/archive.org\/details\/entrevista-carlos-martian-arroyo-pinazo-14-04-25\">Descargar<\/a><\/p>\n","protected":false},"excerpt":{"rendered":"<p>El pr\u00f3ximo viernes 18 de abril se llevar\u00e1 a cabo una jornada de limpieza en el Arroyo Pinazo, convocada por vecinos del barrio. La jornada busca limpiar la rivera y esparcir semillas, adem\u00e1s de brindar un momento de respiraci\u00f3n y poes\u00eda. Carlos Martian, vecino del Arroyo Pinazo, comentaba \u201cPara seguir defendiendo esta rivera que tiene [&hellip;]<\/p>\n","protected":false},"author":1,"featured_media":7103,"comment_status":"open","ping_status":"open","sticky":false,"template":"","format":"standard","meta":{"footnotes":""},"categories":[1],"tags":[],"class_list":["post-7102","post","type-post","status-publish","format-standard","has-post-thumbnail","hentry","category-blog"],"_links":{"self":[{"href":"https:\/\/fmtinkunaco.ar\/index.php?rest_route=\/wp\/v2\/posts\/7102","targetHints":{"allow":["GET"]}}],"collection":[{"href":"https:\/\/fmtinkunaco.ar\/index.php?rest_route=\/wp\/v2\/posts"}],"about":[{"href":"https:\/\/fmtinkunaco.ar\/index.php?rest_route=\/wp\/v2\/types\/post"}],"author":[{"embeddable":true,"href":"https:\/\/fmtinkunaco.ar\/index.php?rest_route=\/wp\/v2\/users\/1"}],"replies":[{"embeddable":true,"href":"https:\/\/fmtinkunaco.ar\/index.php?rest_route=%2Fwp%2Fv2%2Fcomments&post=7102"}],"version-history":[{"count":1,"href":"https:\/\/fmtinkunaco.ar\/index.php?rest_route=\/wp\/v2\/posts\/7102\/revisions"}],"predecessor-version":[{"id":7104,"href":"https:\/\/fmtinkunaco.ar\/index.php?rest_route=\/wp\/v2\/posts\/7102\/revisions\/7104"}],"wp:featuredmedia":[{"embeddable":true,"href":"https:\/\/fmtinkunaco.ar\/index.php?rest_route=\/wp\/v2\/media\/7103"}],"wp:attachment":[{"href":"https:\/\/fmtinkunaco.ar\/index.php?rest_route=%2Fwp%2Fv2%2Fmedia&parent=7102"}],"wp:term":[{"taxonomy":"category","embeddable":true,"href":"https:\/\/fmtinkunaco.ar\/index.php?rest_route=%2Fwp%2Fv2%2Fcategories&post=7102"},{"taxonomy":"post_tag","embeddable":true,"href":"https:\/\/fmtinkunaco.ar\/index.php?rest_route=%2Fwp%2Fv2%2Ftags&post=7102"}],"curies":[{"name":"wp","href":"https:\/\/api.w.org\/{rel}","templated":true}]}}