{"id":7105,"date":"2025-04-16T10:05:53","date_gmt":"2025-04-16T13:05:53","guid":{"rendered":"https:\/\/fmtinkunaco.ar\/?p=7105"},"modified":"2025-04-16T10:05:53","modified_gmt":"2025-04-16T13:05:53","slug":"asociacion-civil-hablemos-de-suicidio","status":"publish","type":"post","link":"https:\/\/fmtinkunaco.ar\/?p=7105","title":{"rendered":"Asociaci\u00f3n Civil \u201cHablemos de Suicidio\u201d"},"content":{"rendered":"\n<p>Hablemos de Suicidio ONG es una Asociaci\u00f3n Civil sin fines de lucro creada en el 2022 por voluntarios con experiencia en prevenci\u00f3n del suicidio y escucha a personas que atraviesan o atravesaron situaciones traum\u00e1ticas relacionadas con el drama del suicidio adquirida en otras instituciones.<\/p>\n\n\n\n<p>Alberto Fernandez Mateos, es voluntario de la asociaci\u00f3n y explicaba la modalidad de esta \u201c<em>No es autoayuda, es ayuda mutua (\u2026)<\/em> <em>Como nosotros hemos pasado por situaciones similares, podemos escuchar de otra manera, y la persona que en su testimonio puede sentir que no est\u00e1 sola, que a otro le pueden pasar cosas parecidas.<\/em> <em>Los que hemos perdidos un ser querido a causa del suicidio nos quedamos adem\u00e1s de la angustia, con esa duda de porqu\u00e9 lo hizo y c\u00f3mo no lo pudimos evitar. Nos quedamos con el deseo de poder hablar con esa persona que se fue, para que nos responda esas dudas, pero sabemos que eso es imposible pero s\u00ed podemos hablar con otras personas que en este momento est\u00e1n teniendo pensamientos suicidas y as\u00ed entender mejor a nuestra familiar o amigo que se fue\u201d.<\/em><\/p>\n\n\n\n<p>Adem\u00e1s, Mateos agregaba \u201c<em>Nos ayudamos desde la escucha, el acompa\u00f1amiento y la contenci\u00f3n mutua. Las personas que estamos afectadas por la problem\u00e1tica del suicidio lo primero que nos pasa es que no encontramos lugares para hablar de esto\u201d.<\/em><\/p>\n\n\n\n<p>El sitio web de la asociaci\u00f3n cuenta con asistencia virtual, grupos de ayuda mutua, taller de gesti\u00f3n emocional y muchas m\u00e1s actividades de acompa\u00f1amiento. Compartimos el link de la misma: <a href=\"https:\/\/www.hablemosdesuicidio.org.ar\/nosotros\">https:\/\/www.hablemosdesuicidio.org.ar\/nosotros<\/a><\/p>\n\n\n\n<p>Entrevista Completa<\/p>\n\n\n<p><iframe loading=\"lazy\" src=\"https:\/\/archive.org\/embed\/entrevista-alberto-fernandez-mateos-15-04-255\" width=\"500\" height=\"60\" frameborder=\"0\" webkitallowfullscreen=\"true\" mozallowfullscreen=\"true\" allowfullscreen><\/iframe><\/p>\n\n\n<p><a href=\"https:\/\/archive.org\/details\/entrevista-alberto-fernandez-mateos-15-04-255\" data-type=\"link\" data-id=\"https:\/\/archive.org\/details\/entrevista-alberto-fernandez-mateos-15-04-255\">Descargar<\/a><\/p>\n","protected":false},"excerpt":{"rendered":"<p>Hablemos de Suicidio ONG es una Asociaci\u00f3n Civil sin fines de lucro creada en el 2022 por voluntarios con experiencia en prevenci\u00f3n del suicidio y escucha a personas que atraviesan o atravesaron situaciones traum\u00e1ticas relacionadas con el drama del suicidio adquirida en otras instituciones. Alberto Fernandez Mateos, es voluntario de la asociaci\u00f3n y explicaba la [&hellip;]<\/p>\n","protected":false},"author":1,"featured_media":7106,"comment_status":"open","ping_status":"open","sticky":false,"template":"","format":"standard","meta":{"footnotes":""},"categories":[1],"tags":[],"class_list":["post-7105","post","type-post","status-publish","format-standard","has-post-thumbnail","hentry","category-blog"],"_links":{"self":[{"href":"https:\/\/fmtinkunaco.ar\/index.php?rest_route=\/wp\/v2\/posts\/7105","targetHints":{"allow":["GET"]}}],"collection":[{"href":"https:\/\/fmtinkunaco.ar\/index.php?rest_route=\/wp\/v2\/posts"}],"about":[{"href":"https:\/\/fmtinkunaco.ar\/index.php?rest_route=\/wp\/v2\/types\/post"}],"author":[{"embeddable":true,"href":"https:\/\/fmtinkunaco.ar\/index.php?rest_route=\/wp\/v2\/users\/1"}],"replies":[{"embeddable":true,"href":"https:\/\/fmtinkunaco.ar\/index.php?rest_route=%2Fwp%2Fv2%2Fcomments&post=7105"}],"version-history":[{"count":1,"href":"https:\/\/fmtinkunaco.ar\/index.php?rest_route=\/wp\/v2\/posts\/7105\/revisions"}],"predecessor-version":[{"id":7107,"href":"https:\/\/fmtinkunaco.ar\/index.php?rest_route=\/wp\/v2\/posts\/7105\/revisions\/7107"}],"wp:featuredmedia":[{"embeddable":true,"href":"https:\/\/fmtinkunaco.ar\/index.php?rest_route=\/wp\/v2\/media\/7106"}],"wp:attachment":[{"href":"https:\/\/fmtinkunaco.ar\/index.php?rest_route=%2Fwp%2Fv2%2Fmedia&parent=7105"}],"wp:term":[{"taxonomy":"category","embeddable":true,"href":"https:\/\/fmtinkunaco.ar\/index.php?rest_route=%2Fwp%2Fv2%2Fcategories&post=7105"},{"taxonomy":"post_tag","embeddable":true,"href":"https:\/\/fmtinkunaco.ar\/index.php?rest_route=%2Fwp%2Fv2%2Ftags&post=7105"}],"curies":[{"name":"wp","href":"https:\/\/api.w.org\/{rel}","templated":true}]}}