{"id":7108,"date":"2025-04-17T10:53:37","date_gmt":"2025-04-17T13:53:37","guid":{"rendered":"https:\/\/fmtinkunaco.ar\/?p=7108"},"modified":"2025-04-17T10:53:37","modified_gmt":"2025-04-17T13:53:37","slug":"no-hay-salud-sin-salud-mental-trabajadores-del-hospital-bonaparte-reclaman-el-cierre-de-las-residencias-interdisciplinarias-en-salud-mental","status":"publish","type":"post","link":"https:\/\/fmtinkunaco.ar\/?p=7108","title":{"rendered":"\u201cNo hay Salud sin Salud Mental\u201d Trabajadores del Hospital Bonaparte reclaman el cierre de las Residencias Interdisciplinarias en Salud Mental"},"content":{"rendered":"\n<p><br>El Ministerio Nacional de la Salud decidi\u00f3 cerrar los cupos para las Residencias Interdisciplinarias en Salud Mental (RISaM), ante esta medida, los trabajadores del Hospital Nacional Laura Bonaparte denunciaron esta medida como vaciamiento y el ataque a la Salud Publica.<\/p>\n\n\n\n<p>Las RISaM\/RISaMC son residencias de formaci\u00f3n de posgrado en servicio de car\u00e1cter interdisciplinario que nuclean profesionales de distintas disciplinas, abarcando una red de salud p\u00fablica en todo el pa\u00eds.<\/p>\n\n\n\n<p>Karen Krenz, Trabajadora Social y residente del Hospital, explicaba sobre las RISaM &nbsp;\u201c<em>Es una pol\u00edtica que se viene desarrollando en el pa\u00eds desde fines de los 80\u2019 y que toma mucho impulso con la Ley de Salud Mental que se sanciona en el 2010, apuntando a la formaci\u00f3n de profesionales que trabajen con la metodolog\u00eda de atenci\u00f3n interdisciplinaria, es decir, que los padecimientos mentales no sean atendidos \u00fanicamente por la espacialidades de psiquiatr\u00eda o de psicolog\u00eda, sino que tambi\u00e9n podamos intervenir otras profesiones para poder abordar distintos aspectos de la vida del sujeto\u201d.<\/em><\/p>\n\n\n\n<p>Sobre el accionar del Ministerio, Krenz comentaba \u201c<em>Ya desde el a\u00f1o pasado viene una pol\u00edtica de ataque a la Ley de Salud Mental, quisieron modificar la Ley a trav\u00e9s de la Ley \u00d3mnibus, el cierre del Bonaparte, los despidos en el Hospital en Enero que afecto al 40% del personal (\u2026) Hasta ahora el Ministerio no ha respondido ninguna de nuestras solicitudes para reunirnos, seguimos exigiendo que nos d\u00e9 una explicaci\u00f3n. Lo parad\u00f3jico de la situaci\u00f3n es que cuando nos env\u00edan la solicitud para que enviemos los cupos, nos mandan una serie de requisitos que hab\u00eda que cumplir para poder solicitar la misma cantidad de cupos que se hab\u00edan ocupado el a\u00f1o pasado. Entre ellos, nosotros contamos con el 100% de los requisitos y as\u00ed y todo, nos sacaron todos los cupos\u201d.<\/em><\/p>\n\n\n\n<p>En este contexto, residentes del Hospital realizaron un Festival Solidario en la puerta de la instituci\u00f3n como plan de resistencia y lucha el martes 15\/04.<\/p>\n\n\n\n<p>Por lo pronto, los residentes se encuentran de paro y en asamblea hasta poder obtener respuestas a sus reclamos de las autoridades correspondientes.<\/p>\n\n\n\n<p>Entrevista Completa<\/p>\n\n\n<p><iframe loading=\"lazy\" src=\"https:\/\/archive.org\/embed\/entrebvista-karen-krenz-16-04-25\" width=\"500\" height=\"60\" frameborder=\"0\" webkitallowfullscreen=\"true\" mozallowfullscreen=\"true\" allowfullscreen><\/iframe><\/p>\n\n\n<p><a href=\"https:\/\/archive.org\/details\/entrebvista-karen-krenz-16-04-25\" data-type=\"link\" data-id=\"https:\/\/archive.org\/details\/entrebvista-karen-krenz-16-04-25\">Descargar<\/a><\/p>\n","protected":false},"excerpt":{"rendered":"<p>El Ministerio Nacional de la Salud decidi\u00f3 cerrar los cupos para las Residencias Interdisciplinarias en Salud Mental (RISaM), ante esta medida, los trabajadores del Hospital Nacional Laura Bonaparte denunciaron esta medida como vaciamiento y el ataque a la Salud Publica. Las RISaM\/RISaMC son residencias de formaci\u00f3n de posgrado en servicio de car\u00e1cter interdisciplinario que nuclean [&hellip;]<\/p>\n","protected":false},"author":1,"featured_media":7109,"comment_status":"open","ping_status":"open","sticky":false,"template":"","format":"standard","meta":{"footnotes":""},"categories":[1],"tags":[],"class_list":["post-7108","post","type-post","status-publish","format-standard","has-post-thumbnail","hentry","category-blog"],"_links":{"self":[{"href":"https:\/\/fmtinkunaco.ar\/index.php?rest_route=\/wp\/v2\/posts\/7108","targetHints":{"allow":["GET"]}}],"collection":[{"href":"https:\/\/fmtinkunaco.ar\/index.php?rest_route=\/wp\/v2\/posts"}],"about":[{"href":"https:\/\/fmtinkunaco.ar\/index.php?rest_route=\/wp\/v2\/types\/post"}],"author":[{"embeddable":true,"href":"https:\/\/fmtinkunaco.ar\/index.php?rest_route=\/wp\/v2\/users\/1"}],"replies":[{"embeddable":true,"href":"https:\/\/fmtinkunaco.ar\/index.php?rest_route=%2Fwp%2Fv2%2Fcomments&post=7108"}],"version-history":[{"count":1,"href":"https:\/\/fmtinkunaco.ar\/index.php?rest_route=\/wp\/v2\/posts\/7108\/revisions"}],"predecessor-version":[{"id":7110,"href":"https:\/\/fmtinkunaco.ar\/index.php?rest_route=\/wp\/v2\/posts\/7108\/revisions\/7110"}],"wp:featuredmedia":[{"embeddable":true,"href":"https:\/\/fmtinkunaco.ar\/index.php?rest_route=\/wp\/v2\/media\/7109"}],"wp:attachment":[{"href":"https:\/\/fmtinkunaco.ar\/index.php?rest_route=%2Fwp%2Fv2%2Fmedia&parent=7108"}],"wp:term":[{"taxonomy":"category","embeddable":true,"href":"https:\/\/fmtinkunaco.ar\/index.php?rest_route=%2Fwp%2Fv2%2Fcategories&post=7108"},{"taxonomy":"post_tag","embeddable":true,"href":"https:\/\/fmtinkunaco.ar\/index.php?rest_route=%2Fwp%2Fv2%2Ftags&post=7108"}],"curies":[{"name":"wp","href":"https:\/\/api.w.org\/{rel}","templated":true}]}}