{"id":7111,"date":"2025-04-21T13:52:43","date_gmt":"2025-04-21T16:52:43","guid":{"rendered":"https:\/\/fmtinkunaco.ar\/?p=7111"},"modified":"2025-04-21T13:54:52","modified_gmt":"2025-04-21T16:54:52","slug":"trabajadores-despedidos-de-sancor-exigen-reincorporacion","status":"publish","type":"post","link":"https:\/\/fmtinkunaco.ar\/?p=7111","title":{"rendered":"Trabajadores despedidos de Sancor exigen reincorporaci\u00f3n"},"content":{"rendered":"\n<p><br>Trabajadores de la empresa l\u00e1ctea Sancor Don Torcuato reclaman despidos persecutorios y discriminatorios hacia 63 trabajadores, dentro de los cuales se encuentran dos delegados sindicales. Estas bajas fueron notificadas a fines de enero de este a\u00f1o.<\/p>\n\n\n\n<p><br>La empresa tambi\u00e9n cuenta con irregularidades acerca del pago y dep\u00f3sito de sueldos, sobre esto Martin Alfonso, trabajador despedido comenta \u201cHasta hoy en d\u00eda no nos depositaron ning\u00fan mes de los que nos adeudan, ni las liquidaciones, ya pedimos mediante un telegrama la reincorporaci\u00f3n\u201d.<\/p>\n\n\n\n<p><br>Los operarios del centro de distribuci\u00f3n de SanCor despedidos se manifestaron el pasado martes 15\/4, y con anterioridad en el Ministerio de Trabajo de Tigre. Los despidos se suman a la ola de despidos de a nivel nacional, pero con la caracter\u00edstica de que estos fueron de la mano con la Asociaci\u00f3n de Trabajadores de la Industria Lechera de la Rep\u00fablica Argentina (ATILRA), quien busca reestructurar el personal que no coincida o sea af\u00edn al sindicato.<\/p>\n\n\n\n<p><br>Por lo pronto, los trabajadores despedidos se encuentran a la espera de una respuesta de las autoridades o del mismo sindicato sobre la reincorporaci\u00f3n.<\/p>\n\n\n\n<p>Ph: Sebasti\u00e1n Romero <\/p>\n\n\n\n<p><br>Entrevista Completa<\/p>\n\n\n<p><iframe loading=\"lazy\" src=\"https:\/\/archive.org\/embed\/entrevista-martin-alfonso-21-04-25\" width=\"500\" height=\"60\" frameborder=\"0\" webkitallowfullscreen=\"true\" mozallowfullscreen=\"true\" allowfullscreen><\/iframe><\/p>\n\n\n<p><br><a href=\"https:\/\/archive.org\/details\/entrevista-martin-alfonso-21-04-25\" data-type=\"link\" data-id=\"https:\/\/archive.org\/details\/entrevista-martin-alfonso-21-04-25\">Descargar<\/a><\/p>\n","protected":false},"excerpt":{"rendered":"<p>Trabajadores de la empresa l\u00e1ctea Sancor Don Torcuato reclaman despidos persecutorios y discriminatorios hacia 63 trabajadores, dentro de los cuales se encuentran dos delegados sindicales. Estas bajas fueron notificadas a fines de enero de este a\u00f1o. La empresa tambi\u00e9n cuenta con irregularidades acerca del pago y dep\u00f3sito de sueldos, sobre esto Martin Alfonso, trabajador despedido [&hellip;]<\/p>\n","protected":false},"author":1,"featured_media":7112,"comment_status":"open","ping_status":"open","sticky":false,"template":"","format":"standard","meta":{"footnotes":""},"categories":[1],"tags":[],"class_list":["post-7111","post","type-post","status-publish","format-standard","has-post-thumbnail","hentry","category-blog"],"_links":{"self":[{"href":"https:\/\/fmtinkunaco.ar\/index.php?rest_route=\/wp\/v2\/posts\/7111","targetHints":{"allow":["GET"]}}],"collection":[{"href":"https:\/\/fmtinkunaco.ar\/index.php?rest_route=\/wp\/v2\/posts"}],"about":[{"href":"https:\/\/fmtinkunaco.ar\/index.php?rest_route=\/wp\/v2\/types\/post"}],"author":[{"embeddable":true,"href":"https:\/\/fmtinkunaco.ar\/index.php?rest_route=\/wp\/v2\/users\/1"}],"replies":[{"embeddable":true,"href":"https:\/\/fmtinkunaco.ar\/index.php?rest_route=%2Fwp%2Fv2%2Fcomments&post=7111"}],"version-history":[{"count":2,"href":"https:\/\/fmtinkunaco.ar\/index.php?rest_route=\/wp\/v2\/posts\/7111\/revisions"}],"predecessor-version":[{"id":7115,"href":"https:\/\/fmtinkunaco.ar\/index.php?rest_route=\/wp\/v2\/posts\/7111\/revisions\/7115"}],"wp:featuredmedia":[{"embeddable":true,"href":"https:\/\/fmtinkunaco.ar\/index.php?rest_route=\/wp\/v2\/media\/7112"}],"wp:attachment":[{"href":"https:\/\/fmtinkunaco.ar\/index.php?rest_route=%2Fwp%2Fv2%2Fmedia&parent=7111"}],"wp:term":[{"taxonomy":"category","embeddable":true,"href":"https:\/\/fmtinkunaco.ar\/index.php?rest_route=%2Fwp%2Fv2%2Fcategories&post=7111"},{"taxonomy":"post_tag","embeddable":true,"href":"https:\/\/fmtinkunaco.ar\/index.php?rest_route=%2Fwp%2Fv2%2Ftags&post=7111"}],"curies":[{"name":"wp","href":"https:\/\/api.w.org\/{rel}","templated":true}]}}