{"id":7116,"date":"2025-04-22T12:37:22","date_gmt":"2025-04-22T15:37:22","guid":{"rendered":"https:\/\/fmtinkunaco.ar\/?p=7116"},"modified":"2025-04-22T12:37:22","modified_gmt":"2025-04-22T15:37:22","slug":"presentacion-del-libro-mirta-un-siglo-de-dignidad","status":"publish","type":"post","link":"https:\/\/fmtinkunaco.ar\/?p=7116","title":{"rendered":"Presentaci\u00f3n del libro \u201cMirta, un siglo de dignidad\u201d"},"content":{"rendered":"\n<p>El libro compilado por Laura Jara Suazo, Rodolfo Grinberg, Armando Pacheco y Luciano D\u2019Addario relata la vida de Mirta Acu\u00f1a de Baravalle, fundadora de Madres y de Abuelas de Plaza de Mayo.<\/p>\n\n\n\n<p>Mirta hubiera cumplido 100 a\u00f1os el 12 de enero de 2025, pero falleci\u00f3 el 1 de noviembre de 2024 en la localidad de San Mart\u00edn, donde viv\u00eda desde siempre y donde fue secuestrada su hija por el terrorismo de Estado.<\/p>\n\n\n\n<p>En una entrevista con el Noticiero, Rodolfo Grinberg, coautor del libro, expresa su visi\u00f3n de Mirta \u201c<em>La descubr\u00ed haciendo este trabajo, dije qu\u00e9 mujer tan potente. Una persona de una coherencia, de una dignidad, de una valent\u00eda enorme. Una persona que no se iba a dejar seducir por nada (\u2026) Lamentamos que no haya podido encontrar a su nieta o nieto, porque dedico toda su vida a eso, a la b\u00fasqueda de todos los nietos (\u2026) Lo que cuentan los familiares, las sobrinas, los sobrinos, los hijos, son cosas maravillosas desde el lugar humano, una persona que teniendo su militancia o su compromiso pol\u00edtico-social, nunca se olvid\u00f3 de la familia\u201d.<\/em><\/p>\n\n\n\n<p>La presentaci\u00f3n ser\u00e1 el viernes 25 de abril a las 17.00 hs, en el Teatro Tornav\u00eda del Campus Miguelete de la Universidad Nacional de San Martin (UNSAM), ubicada en 25 de Mayo y Francia.<\/p>\n\n\n\n<p>Entrevista completa<\/p>\n\n\n<p><iframe loading=\"lazy\" src=\"https:\/\/archive.org\/embed\/entrevista-rodolfo-grindberg-22-04-25\" width=\"500\" height=\"60\" frameborder=\"0\" webkitallowfullscreen=\"true\" mozallowfullscreen=\"true\" allowfullscreen><\/iframe><\/p>\n\n\n<p><a href=\"https:\/\/archive.org\/details\/entrevista-rodolfo-grindberg-22-04-25\" data-type=\"link\" data-id=\"https:\/\/archive.org\/details\/entrevista-rodolfo-grindberg-22-04-25\">Descargar<\/a><\/p>\n","protected":false},"excerpt":{"rendered":"<p>El libro compilado por Laura Jara Suazo, Rodolfo Grinberg, Armando Pacheco y Luciano D\u2019Addario relata la vida de Mirta Acu\u00f1a de Baravalle, fundadora de Madres y de Abuelas de Plaza de Mayo. Mirta hubiera cumplido 100 a\u00f1os el 12 de enero de 2025, pero falleci\u00f3 el 1 de noviembre de 2024 en la localidad de [&hellip;]<\/p>\n","protected":false},"author":1,"featured_media":7117,"comment_status":"open","ping_status":"open","sticky":false,"template":"","format":"standard","meta":{"footnotes":""},"categories":[1],"tags":[],"class_list":["post-7116","post","type-post","status-publish","format-standard","has-post-thumbnail","hentry","category-blog"],"_links":{"self":[{"href":"https:\/\/fmtinkunaco.ar\/index.php?rest_route=\/wp\/v2\/posts\/7116","targetHints":{"allow":["GET"]}}],"collection":[{"href":"https:\/\/fmtinkunaco.ar\/index.php?rest_route=\/wp\/v2\/posts"}],"about":[{"href":"https:\/\/fmtinkunaco.ar\/index.php?rest_route=\/wp\/v2\/types\/post"}],"author":[{"embeddable":true,"href":"https:\/\/fmtinkunaco.ar\/index.php?rest_route=\/wp\/v2\/users\/1"}],"replies":[{"embeddable":true,"href":"https:\/\/fmtinkunaco.ar\/index.php?rest_route=%2Fwp%2Fv2%2Fcomments&post=7116"}],"version-history":[{"count":1,"href":"https:\/\/fmtinkunaco.ar\/index.php?rest_route=\/wp\/v2\/posts\/7116\/revisions"}],"predecessor-version":[{"id":7118,"href":"https:\/\/fmtinkunaco.ar\/index.php?rest_route=\/wp\/v2\/posts\/7116\/revisions\/7118"}],"wp:featuredmedia":[{"embeddable":true,"href":"https:\/\/fmtinkunaco.ar\/index.php?rest_route=\/wp\/v2\/media\/7117"}],"wp:attachment":[{"href":"https:\/\/fmtinkunaco.ar\/index.php?rest_route=%2Fwp%2Fv2%2Fmedia&parent=7116"}],"wp:term":[{"taxonomy":"category","embeddable":true,"href":"https:\/\/fmtinkunaco.ar\/index.php?rest_route=%2Fwp%2Fv2%2Fcategories&post=7116"},{"taxonomy":"post_tag","embeddable":true,"href":"https:\/\/fmtinkunaco.ar\/index.php?rest_route=%2Fwp%2Fv2%2Ftags&post=7116"}],"curies":[{"name":"wp","href":"https:\/\/api.w.org\/{rel}","templated":true}]}}