{"id":7119,"date":"2025-04-23T13:55:34","date_gmt":"2025-04-23T16:55:34","guid":{"rendered":"https:\/\/fmtinkunaco.ar\/?p=7119"},"modified":"2025-04-23T13:55:49","modified_gmt":"2025-04-23T16:55:49","slug":"choque-de-trenes-en-la-linea-san-martin-piden-juicio-oral-para-seis-empleados-ferroviarios","status":"publish","type":"post","link":"https:\/\/fmtinkunaco.ar\/?p=7119","title":{"rendered":"Choque de trenes en la L\u00ednea San Martin: piden juicio oral para seis empleados ferroviarios"},"content":{"rendered":"\n<p>Los seis empleados ferroviarios que est\u00e1n acusados de causar el choque de trenes de la l\u00ednea San Mart\u00edn en Palermo en mayo de 2024 ir\u00e1n a juicio oral tras un pedido del Fiscal Carlos R\u00edvolo.<\/p>\n\n\n\n<p>Como consecuencia de la colisi\u00f3n 61 personas resultaron heridas, dos de ellas con lesiones graves. Adem\u00e1s, el material rodante y la infraestructura del ferrocarril sufrieron \u201cseveros da\u00f1os\u201d. Los imputados ser\u00edan Nahuel Alejandro Morales, Mariano Ignacio Filangieri, Dami\u00e1n Bartoletti Renzi, Leandro Mart\u00ednez, Javier Armando Silvero y Alfredo G\u00f3mez.<\/p>\n\n\n\n<p>En adici\u00f3n a esto, se debe tener en cuenta de que en los meses previos a que tuviera lugar la colisi\u00f3n se registraron numerosos episodios que afectaron al sistema de se\u00f1ales de la traza del ferrocarril San Martin. El d\u00eda de la colisi\u00f3n y desde hac\u00eda meses, la l\u00ednea funcionaba sin el sistema autom\u00e1tico de se\u00f1alizaci\u00f3n por los robos de cables que nunca fueron repuestos por las autoridades pese a los reportes de los trabajadores.<\/p>\n\n\n\n<p>Con respecto a esto \u00faltimo, Alejandro Alvite, Trabajador Ferroviario a\u00f1ad\u00eda <em>\u201cNos encontramos con que ah\u00ed faltan responsables, habr\u00eda que medir efectivamente cu\u00e1nto tiene de responsabilidad cada uno de los hechos sucedidos. Siendo que esto lleva bastante tiempo en estas condiciones irregulares y adem\u00e1s llama la atenci\u00f3n que&nbsp; en el procesamiento el fiscal no tiene en cuenta la responsabilidad ni siquiera de las autoridades de la empresa como tampoco de los funcionarios del gobierno que recibieron los informes sobre la situaci\u00f3n\u201d.<\/em><\/p>\n\n\n\n<p>Estas medidas judiciales as\u00ed como la falta de inversi\u00f3n en el sistema ferrocarril, son parte de un plan de ajuste y vaciamiento al sistema estrat\u00e9gico nacional que es el transporte Ferrocarril.<\/p>\n\n\n\n<p>Entrevista completa<\/p>\n\n\n<p><iframe loading=\"lazy\" src=\"https:\/\/archive.org\/embed\/entrevista-alejandro-alvite-23-04-25\" width=\"500\" height=\"60\" frameborder=\"0\" webkitallowfullscreen=\"true\" mozallowfullscreen=\"true\" allowfullscreen><\/iframe><\/p>\n\n\n<p><a href=\"https:\/\/archive.org\/details\/entrevista-alejandro-alvite-23-04-25\" data-type=\"link\" data-id=\"https:\/\/archive.org\/details\/entrevista-alejandro-alvite-23-04-25\">Descargar<\/a><\/p>\n","protected":false},"excerpt":{"rendered":"<p>Los seis empleados ferroviarios que est\u00e1n acusados de causar el choque de trenes de la l\u00ednea San Mart\u00edn en Palermo en mayo de 2024 ir\u00e1n a juicio oral tras un pedido del Fiscal Carlos R\u00edvolo. Como consecuencia de la colisi\u00f3n 61 personas resultaron heridas, dos de ellas con lesiones graves. Adem\u00e1s, el material rodante y [&hellip;]<\/p>\n","protected":false},"author":1,"featured_media":7120,"comment_status":"open","ping_status":"open","sticky":false,"template":"","format":"standard","meta":{"footnotes":""},"categories":[1],"tags":[],"class_list":["post-7119","post","type-post","status-publish","format-standard","has-post-thumbnail","hentry","category-blog"],"_links":{"self":[{"href":"https:\/\/fmtinkunaco.ar\/index.php?rest_route=\/wp\/v2\/posts\/7119","targetHints":{"allow":["GET"]}}],"collection":[{"href":"https:\/\/fmtinkunaco.ar\/index.php?rest_route=\/wp\/v2\/posts"}],"about":[{"href":"https:\/\/fmtinkunaco.ar\/index.php?rest_route=\/wp\/v2\/types\/post"}],"author":[{"embeddable":true,"href":"https:\/\/fmtinkunaco.ar\/index.php?rest_route=\/wp\/v2\/users\/1"}],"replies":[{"embeddable":true,"href":"https:\/\/fmtinkunaco.ar\/index.php?rest_route=%2Fwp%2Fv2%2Fcomments&post=7119"}],"version-history":[{"count":1,"href":"https:\/\/fmtinkunaco.ar\/index.php?rest_route=\/wp\/v2\/posts\/7119\/revisions"}],"predecessor-version":[{"id":7121,"href":"https:\/\/fmtinkunaco.ar\/index.php?rest_route=\/wp\/v2\/posts\/7119\/revisions\/7121"}],"wp:featuredmedia":[{"embeddable":true,"href":"https:\/\/fmtinkunaco.ar\/index.php?rest_route=\/wp\/v2\/media\/7120"}],"wp:attachment":[{"href":"https:\/\/fmtinkunaco.ar\/index.php?rest_route=%2Fwp%2Fv2%2Fmedia&parent=7119"}],"wp:term":[{"taxonomy":"category","embeddable":true,"href":"https:\/\/fmtinkunaco.ar\/index.php?rest_route=%2Fwp%2Fv2%2Fcategories&post=7119"},{"taxonomy":"post_tag","embeddable":true,"href":"https:\/\/fmtinkunaco.ar\/index.php?rest_route=%2Fwp%2Fv2%2Ftags&post=7119"}],"curies":[{"name":"wp","href":"https:\/\/api.w.org\/{rel}","templated":true}]}}