{"id":7122,"date":"2025-04-24T13:23:36","date_gmt":"2025-04-24T16:23:36","guid":{"rendered":"https:\/\/fmtinkunaco.ar\/?p=7122"},"modified":"2025-04-24T14:01:07","modified_gmt":"2025-04-24T17:01:07","slug":"la-herreria-teatro-sera-sede-del-festival-regional-de-teatro-independiente","status":"publish","type":"post","link":"https:\/\/fmtinkunaco.ar\/?p=7122","title":{"rendered":"La Herrer\u00eda Teatro ser\u00e1 sede del Festival Regional de Teatro Independiente"},"content":{"rendered":"\n<p>La Herrer\u00eda Teatro, ubicada en San Miguel, ser\u00e1 nuevamente sede del Festival Regional de Teatro Independiente \u2013 Regi\u00f3n 2, desde el jueves 15 al domingo 18 de Mayo.<\/p>\n\n\n\n<p>Las Fiestas Regionales de Teatro son un espacio de celebraci\u00f3n y encuentro para todos los artistas teatrales de la Provincia de Buenos Aires, en este caso, la Regi\u00f3n 2 incluye al Conurbano Noroeste: Jos\u00e9 C. Paz, Malvinas Argentinas, San Mart\u00edn, San Miguel, Tres de Febrero, Hurlingham.<\/p>\n\n\n\n<p>Mariano Guerra, actor y referente de la Herrer\u00eda, coment\u00f3 \u201c<em>En la herrer\u00eda somos sede tambi\u00e9n, nos toca el s\u00e1bado 17 a las 21:30 de la noche y todo es con entrada libre y gratuita\u201d.<\/em><\/p>\n\n\n\n<p>Compartimos la programaci\u00f3n del Festival:<\/p>\n\n\n\n<ul class=\"wp-block-list\">\n<li><strong>JUEVES 15<\/strong><\/li>\n<\/ul>\n\n\n\n<p>15:30 hs \u2013 \u00abYo soy Tina\u00bb, una versi\u00f3n libre de La ni\u00f1a, el coraz\u00f3n y la casa. Sala Arte y Vida \u2013 Remedios de Escalada de San Mart\u00edn 6750, Mart\u00edn Coronado<\/p>\n\n\n\n<p>19:00 hs \u2013 \u201c\u00c1lbum de se\u00f1oritas\u201d El Bald\u00edo \u2013 Bv. F.I.N.C.A. 6577, Ciudad Jard\u00edn Lomas del Palomar<\/p>\n\n\n\n<p>21:00 hs \u2013 \u201cLa Causa Justa\u201d Teatro El Bald\u00edo \u2013 Bv. F.I.N.C.A. 6577, Ciudad Jard\u00edn Lomas del Palomar<\/p>\n\n\n\n<ul class=\"wp-block-list\">\n<li><strong>VIERNES 16<\/strong><\/li>\n<\/ul>\n\n\n\n<p>10:00 hs \u2013 *Relinchos, una tradici\u00f3n gauchesca* Teatro Hugo del Carril \u2013 S\u00e1enz Pe\u00f1a 4151, Jos\u00e9 Le\u00f3n Su\u00e1rez<\/p>\n\n\n\n<p>14:00 hs \u2013 *Chan Chan Plan* Centro Cultural Espacios \u2013 Intendente Witcomb 2623, Villa Ballester<\/p>\n\n\n\n<p>19:30 hs \u2013 *Embarcades* Teatro El Bald\u00edo \u2013 Bv. F.I.N.C.A. 6577, Ciudad Jard\u00edn Lomas del Palomar<\/p>\n\n\n\n<p>21:00 hs \u2013 *Los Facundos* Centro Cultural Espacios \u2013 Intendente Witcomb 2623, Villa Ballester<\/p>\n\n\n\n<p>17:00 hs \u2013 *Como un pu\u00f1al en las carnes*<br>El Bald\u00edo \u2013 Bv. F.I.N.C.A. 6577, Ciudad Jard\u00edn Lomas del Palomar<\/p>\n\n\n\n<p>19:00 hs \u2013 *In Media Res*<br>Centro Cultural y Art\u00edstico Ana Pavlova \u2013 Lavalle 2567, Villa Ballester<\/p>\n\n\n\n<p>21:30 hs \u2013 *HUELLA, palabras imprecisas de una vida*<br>Teatro La Herrer\u00eda \u2013 Domingo Faustino Sarmiento 2000, San Miguel<\/p>\n\n\n\n<ul class=\"wp-block-list\">\n<li><strong>S\u00c1BADO 1<\/strong>7<\/li>\n<\/ul>\n\n\n\n<p>13:00 hs \u2013 *Plenario Regional + Desmontaje*<br>Teatro La Tuerca \u2013 Bonifacini 4192, Santos Lugares<\/p>\n\n\n\n<p>17:00 hs \u2013 *Como un pu\u00f1al en las carnes*<br>El Bald\u00edo \u2013 Bv. F.I.N.C.A. 6577, Ciudad Jard\u00edn Lomas del Palomar<\/p>\n\n\n\n<p>19:00 hs \u2013 *In Media Res*<br>Centro Cultural y Art\u00edstico Ana Pavlova \u2013 Lavalle 2567, Villa Ballester<\/p>\n\n\n\n<p>21:30 hs \u2013 *HUELLA, palabras imprecisas de una vida*<br>Teatro La Herrer\u00eda \u2013 Domingo Faustino Sarmiento 2000, San Miguel<\/p>\n\n\n\n<ul class=\"wp-block-list\">\n<li><strong>DOMINGO 18<\/strong><\/li>\n<\/ul>\n\n\n\n<p>Centro Cultural Leopoldo Marechal \u2013 Av. Gdor. Vergara 2396, Villa Tesei<\/p>\n\n\n\n<p>11:00 hs \u2013 *Taller de Murga Uruguaya,* Teatro Comunitario, Parte 1<\/p>\n\n\n\n<p>13:00 hs \u2013 *Almuerzo comunitario + desmontaje*<\/p>\n\n\n\n<p>15:00 hs \u2013 *Entretejida*<\/p>\n\n\n\n<p>16:00 hs \u2013 *Taller de Murga Uruguaya, Teatro Comunitario*, Parte 2<\/p>\n\n\n\n<p>18:00 hs \u2013 *Desde Paso Morales hasta ac\u00e1*<\/p>\n\n\n\n<p>20:00 hs \u2013 *Entrega de Premios + Brindis de Cierre*<\/p>\n\n\n\n<p>Por \u00faltimo, es importante mencionar que la situaci\u00f3n del pa\u00eds tiene repercusiones en la cultura y el arte, debido a esto, el teatro independiente no hace m\u00e1s que sobrevivir a este contexto tan hostil. En palabras de Mariano Guerra \u201c<em>En general estamos al d\u00eda a d\u00eda, como todo el pa\u00eds, ha bajado bastante el trabajo,&nbsp; pele\u00e1ndola, poco presupuesto pero siempre creando otra manera de poder desarrollarnos, lo que es parte de nuestro trabajo, crear\u201d.<\/em><\/p>\n\n\n\n<p>Entrevista Completa<\/p>\n\n\n<p><iframe loading=\"lazy\" src=\"https:\/\/archive.org\/embed\/entrevista-mariano-guerra-festi-24-04-25\" width=\"500\" height=\"60\" frameborder=\"0\" webkitallowfullscreen=\"true\" mozallowfullscreen=\"true\" allowfullscreen><\/iframe><\/p>\n\n\n<p><a href=\"https:\/\/archive.org\/details\/entrevista-mariano-guerra-festi-24-04-25\" data-type=\"link\" data-id=\"https:\/\/archive.org\/details\/entrevista-mariano-guerra-festi-24-04-25\">Descargar<\/a><\/p>\n","protected":false},"excerpt":{"rendered":"<p>La Herrer\u00eda Teatro, ubicada en San Miguel, ser\u00e1 nuevamente sede del Festival Regional de Teatro Independiente \u2013 Regi\u00f3n 2, desde el jueves 15 al domingo 18 de Mayo. Las Fiestas Regionales de Teatro son un espacio de celebraci\u00f3n y encuentro para todos los artistas teatrales de la Provincia de Buenos Aires, en este caso, la [&hellip;]<\/p>\n","protected":false},"author":1,"featured_media":7123,"comment_status":"open","ping_status":"open","sticky":false,"template":"","format":"standard","meta":{"footnotes":""},"categories":[1],"tags":[],"class_list":["post-7122","post","type-post","status-publish","format-standard","has-post-thumbnail","hentry","category-blog"],"_links":{"self":[{"href":"https:\/\/fmtinkunaco.ar\/index.php?rest_route=\/wp\/v2\/posts\/7122","targetHints":{"allow":["GET"]}}],"collection":[{"href":"https:\/\/fmtinkunaco.ar\/index.php?rest_route=\/wp\/v2\/posts"}],"about":[{"href":"https:\/\/fmtinkunaco.ar\/index.php?rest_route=\/wp\/v2\/types\/post"}],"author":[{"embeddable":true,"href":"https:\/\/fmtinkunaco.ar\/index.php?rest_route=\/wp\/v2\/users\/1"}],"replies":[{"embeddable":true,"href":"https:\/\/fmtinkunaco.ar\/index.php?rest_route=%2Fwp%2Fv2%2Fcomments&post=7122"}],"version-history":[{"count":2,"href":"https:\/\/fmtinkunaco.ar\/index.php?rest_route=\/wp\/v2\/posts\/7122\/revisions"}],"predecessor-version":[{"id":7126,"href":"https:\/\/fmtinkunaco.ar\/index.php?rest_route=\/wp\/v2\/posts\/7122\/revisions\/7126"}],"wp:featuredmedia":[{"embeddable":true,"href":"https:\/\/fmtinkunaco.ar\/index.php?rest_route=\/wp\/v2\/media\/7123"}],"wp:attachment":[{"href":"https:\/\/fmtinkunaco.ar\/index.php?rest_route=%2Fwp%2Fv2%2Fmedia&parent=7122"}],"wp:term":[{"taxonomy":"category","embeddable":true,"href":"https:\/\/fmtinkunaco.ar\/index.php?rest_route=%2Fwp%2Fv2%2Fcategories&post=7122"},{"taxonomy":"post_tag","embeddable":true,"href":"https:\/\/fmtinkunaco.ar\/index.php?rest_route=%2Fwp%2Fv2%2Ftags&post=7122"}],"curies":[{"name":"wp","href":"https:\/\/api.w.org\/{rel}","templated":true}]}}