{"id":7127,"date":"2025-04-25T13:30:55","date_gmt":"2025-04-25T16:30:55","guid":{"rendered":"https:\/\/fmtinkunaco.ar\/?p=7127"},"modified":"2025-04-25T13:33:58","modified_gmt":"2025-04-25T16:33:58","slug":"recorrido-por-la-memoria-y-nombramiento-de-la-estacion-norita-cortinas","status":"publish","type":"post","link":"https:\/\/fmtinkunaco.ar\/?p=7127","title":{"rendered":"Recorrido por la Memoria y Nombramiento de la Estaci\u00f3n Norita Corti\u00f1as"},"content":{"rendered":"\n<p>En el marco del Aniversario del Secuestro de Gustavo Corti\u00f1as, hijo de Nora Corti\u00f1as, por el Terrorismo de Estado el 15 de abril en 1977, se realizar\u00e1 un nombramiento de la actual Estaci\u00f3n Castelar a ser Estaci\u00f3n \u201cNora Corti\u00f1as\u201d.<\/p>\n\n\n\n<p>Margarita Pinto, Militante por los DDHH y hermana de desaparecidos, coment\u00f3 sobre la lucha de la comisi\u00f3n por la Estaci\u00f3n &nbsp;\u201c<em>Nosotros tomamos la bandera de Norita y queremos enmarcar estos recordatorios en esta idea de que los vecinos vean que Castelar lleve su nombre (\u2026) Enmarcamos estas actividades no solamente para reivindicar la memoria de Gustavo sino la de todos los desaparecidos de la zona oeste, Norita sembr\u00f3 semillas de memoria\u201d.<\/em><\/p>\n\n\n\n<p>El nombramiento ser\u00e1 el pr\u00f3ximo 26 de abril y arranca a las 16:30.&nbsp;<\/p>\n\n\n\n<p>Los puntos del recorrido ser\u00e1n:<\/p>\n\n\n\n<ul class=\"wp-block-list\">\n<li>16:30hs. Lobos y Alem, Castelar<\/li>\n\n\n\n<li>17:00hs. Comienza el recorrido<\/li>\n\n\n\n<li>17:15hs. Mural en Sarmiento y Lobos<\/li>\n\n\n\n<li>18:00hs. Instalaci\u00f3n de placa en la Estaci\u00f3n, entre Los Incas y Timbues<\/li>\n\n\n\n<li>19:00hs. Intervenciones art\u00edsticas<\/li>\n\n\n\n<li>20:00hs. Fin de la actividad &nbsp;<\/li>\n<\/ul>\n\n\n\n<p>Entrevista Completa<\/p>\n\n\n<p><iframe loading=\"lazy\" src=\"https:\/\/archive.org\/embed\/entrevista-margarita-pinto-25-04-25\" width=\"500\" height=\"60\" frameborder=\"0\" webkitallowfullscreen=\"true\" mozallowfullscreen=\"true\" allowfullscreen><\/iframe><\/p>\n\n\n<p><a href=\"https:\/\/archive.org\/details\/entrevista-margarita-pinto-25-04-25\" data-type=\"link\" data-id=\"https:\/\/archive.org\/details\/entrevista-margarita-pinto-25-04-25\">Descargar<\/a><\/p>\n","protected":false},"excerpt":{"rendered":"<p>En el marco del Aniversario del Secuestro de Gustavo Corti\u00f1as, hijo de Nora Corti\u00f1as, por el Terrorismo de Estado el 15 de abril en 1977, se realizar\u00e1 un nombramiento de la actual Estaci\u00f3n Castelar a ser Estaci\u00f3n \u201cNora Corti\u00f1as\u201d. Margarita Pinto, Militante por los DDHH y hermana de desaparecidos, coment\u00f3 sobre la lucha de la [&hellip;]<\/p>\n","protected":false},"author":1,"featured_media":7128,"comment_status":"open","ping_status":"open","sticky":false,"template":"","format":"standard","meta":{"footnotes":""},"categories":[1],"tags":[],"class_list":["post-7127","post","type-post","status-publish","format-standard","has-post-thumbnail","hentry","category-blog"],"_links":{"self":[{"href":"https:\/\/fmtinkunaco.ar\/index.php?rest_route=\/wp\/v2\/posts\/7127","targetHints":{"allow":["GET"]}}],"collection":[{"href":"https:\/\/fmtinkunaco.ar\/index.php?rest_route=\/wp\/v2\/posts"}],"about":[{"href":"https:\/\/fmtinkunaco.ar\/index.php?rest_route=\/wp\/v2\/types\/post"}],"author":[{"embeddable":true,"href":"https:\/\/fmtinkunaco.ar\/index.php?rest_route=\/wp\/v2\/users\/1"}],"replies":[{"embeddable":true,"href":"https:\/\/fmtinkunaco.ar\/index.php?rest_route=%2Fwp%2Fv2%2Fcomments&post=7127"}],"version-history":[{"count":2,"href":"https:\/\/fmtinkunaco.ar\/index.php?rest_route=\/wp\/v2\/posts\/7127\/revisions"}],"predecessor-version":[{"id":7130,"href":"https:\/\/fmtinkunaco.ar\/index.php?rest_route=\/wp\/v2\/posts\/7127\/revisions\/7130"}],"wp:featuredmedia":[{"embeddable":true,"href":"https:\/\/fmtinkunaco.ar\/index.php?rest_route=\/wp\/v2\/media\/7128"}],"wp:attachment":[{"href":"https:\/\/fmtinkunaco.ar\/index.php?rest_route=%2Fwp%2Fv2%2Fmedia&parent=7127"}],"wp:term":[{"taxonomy":"category","embeddable":true,"href":"https:\/\/fmtinkunaco.ar\/index.php?rest_route=%2Fwp%2Fv2%2Fcategories&post=7127"},{"taxonomy":"post_tag","embeddable":true,"href":"https:\/\/fmtinkunaco.ar\/index.php?rest_route=%2Fwp%2Fv2%2Ftags&post=7127"}],"curies":[{"name":"wp","href":"https:\/\/api.w.org\/{rel}","templated":true}]}}