{"id":7131,"date":"2025-04-28T13:45:35","date_gmt":"2025-04-28T16:45:35","guid":{"rendered":"https:\/\/fmtinkunaco.ar\/?p=7131"},"modified":"2025-04-29T10:51:11","modified_gmt":"2025-04-29T13:51:11","slug":"el-centro-comunitario-belen-convoca-a-una-asamblea-de-organizaciones-comunitarias","status":"publish","type":"post","link":"https:\/\/fmtinkunaco.ar\/?p=7131","title":{"rendered":"El Centro Comunitario Bel\u00e9n convoca a una Asamblea de Organizaciones comunitarias"},"content":{"rendered":"\n<p>El Centro Comunitario Bel\u00e9n, ubicado en el barrio de San Atilio Jos\u00e9 C. Paz, invita a la comunidad y a organizaciones comunitarias de participar de una Asamblea para pensar acciones que puedan enfrentar la crisis que est\u00e1n atravesando los centros comunitarios.<\/p>\n\n\n\n<p>Tras la posible finalizaci\u00f3n del programa PNUD (Programa de las Naciones Unidas para el Desarrollo), peligra el sostenimiento y financiamiento de los centros comunitarios de la Red El Encuentro, de la cual el Centro Bel\u00e9n forma parte.<\/p>\n\n\n\n<p>Bel\u00e9n Ben\u00edtez, Coordinadora del Centro, explic\u00f3 sobre la situaci\u00f3n de los centros \u201c<em>Se est\u00e1n moviendo las organizaciones para ver qu\u00e9 sale de esta crisis, qu\u00e9 podemos pensar y contar que PNUD no nos dio una respuesta, los fondos reci\u00e9n la semana pasada se termin\u00f3 de desembolsar y que viene con un retraso de un mes, totalmente desfasado del monto que se espera para cocinar. Estamos desfasados en el monto, estamos desfasados con el tiempo del desembolso y no tenemos respuesta de la continuidad del programa\u201d.<\/em><\/p>\n\n\n\n<p>Asimismo, Ben\u00edtez realiz\u00f3 al aire una invitaci\u00f3n a la Asamblea \u201cc<em>ompartir qu\u00e9 es lo que nos est\u00e1 pasando en modo de buscar alguna respuesta en acci\u00f3n, porque nos preocupa mucho cual es nuestra respuesta en acci\u00f3n. Incertidumbre, miedo, dudas esas respuestas las tenemos todos los d\u00edas (\u2026) Ah\u00ed es donde tenemos que empezar a repensarnos a nosotros que somos los actores pol\u00edticos de esta crisis\u201d.<\/em><\/p>\n\n\n\n<p>La asamblea tendr\u00e1 lugar en el Centro Comunitario Bel\u00e9n (San Salvador y Carabobo, San Atilio) a las 13:00hs el 1 de Mayo, y tambi\u00e9n contar\u00e1 con un Guiso comunitario. Para asistir se deben registrar en el siguiente formulario: https:\/\/forms.gle\/eMFbvP4GyVJzVt1eA<\/p>\n\n\n\n<p>Entrevista Completa<\/p>\n\n\n<p><iframe loading=\"lazy\" src=\"https:\/\/archive.org\/embed\/entrevista-belen-benitez-28-04-25\" width=\"500\" height=\"60\" frameborder=\"0\" webkitallowfullscreen=\"true\" mozallowfullscreen=\"true\" allowfullscreen><\/iframe><\/p>\n\n\n<p><a href=\"https:\/\/archive.org\/details\/entrevista-belen-benitez-28-04-25\" data-type=\"link\" data-id=\"https:\/\/archive.org\/details\/entrevista-belen-benitez-28-04-25\">Descargar<\/a><\/p>\n","protected":false},"excerpt":{"rendered":"<p>El Centro Comunitario Bel\u00e9n, ubicado en el barrio de San Atilio Jos\u00e9 C. Paz, invita a la comunidad y a organizaciones comunitarias de participar de una Asamblea para pensar acciones que puedan enfrentar la crisis que est\u00e1n atravesando los centros comunitarios. Tras la posible finalizaci\u00f3n del programa PNUD (Programa de las Naciones Unidas para el [&hellip;]<\/p>\n","protected":false},"author":1,"featured_media":7132,"comment_status":"open","ping_status":"open","sticky":false,"template":"","format":"standard","meta":{"footnotes":""},"categories":[1],"tags":[],"class_list":["post-7131","post","type-post","status-publish","format-standard","has-post-thumbnail","hentry","category-blog"],"_links":{"self":[{"href":"https:\/\/fmtinkunaco.ar\/index.php?rest_route=\/wp\/v2\/posts\/7131","targetHints":{"allow":["GET"]}}],"collection":[{"href":"https:\/\/fmtinkunaco.ar\/index.php?rest_route=\/wp\/v2\/posts"}],"about":[{"href":"https:\/\/fmtinkunaco.ar\/index.php?rest_route=\/wp\/v2\/types\/post"}],"author":[{"embeddable":true,"href":"https:\/\/fmtinkunaco.ar\/index.php?rest_route=\/wp\/v2\/users\/1"}],"replies":[{"embeddable":true,"href":"https:\/\/fmtinkunaco.ar\/index.php?rest_route=%2Fwp%2Fv2%2Fcomments&post=7131"}],"version-history":[{"count":2,"href":"https:\/\/fmtinkunaco.ar\/index.php?rest_route=\/wp\/v2\/posts\/7131\/revisions"}],"predecessor-version":[{"id":7134,"href":"https:\/\/fmtinkunaco.ar\/index.php?rest_route=\/wp\/v2\/posts\/7131\/revisions\/7134"}],"wp:featuredmedia":[{"embeddable":true,"href":"https:\/\/fmtinkunaco.ar\/index.php?rest_route=\/wp\/v2\/media\/7132"}],"wp:attachment":[{"href":"https:\/\/fmtinkunaco.ar\/index.php?rest_route=%2Fwp%2Fv2%2Fmedia&parent=7131"}],"wp:term":[{"taxonomy":"category","embeddable":true,"href":"https:\/\/fmtinkunaco.ar\/index.php?rest_route=%2Fwp%2Fv2%2Fcategories&post=7131"},{"taxonomy":"post_tag","embeddable":true,"href":"https:\/\/fmtinkunaco.ar\/index.php?rest_route=%2Fwp%2Fv2%2Ftags&post=7131"}],"curies":[{"name":"wp","href":"https:\/\/api.w.org\/{rel}","templated":true}]}}