{"id":7135,"date":"2025-04-29T13:16:07","date_gmt":"2025-04-29T16:16:07","guid":{"rendered":"https:\/\/fmtinkunaco.ar\/?p=7135"},"modified":"2025-04-29T13:16:08","modified_gmt":"2025-04-29T16:16:08","slug":"derqui-pena-homenaje-a-ramon-nunez","status":"publish","type":"post","link":"https:\/\/fmtinkunaco.ar\/?p=7135","title":{"rendered":"Derqui: Pe\u00f1a Homenaje a Ram\u00f3n N\u00fa\u00f1ez"},"content":{"rendered":"\n<p>El pr\u00f3ximo domingo 18 de mayo se realizar\u00e1 una Pe\u00f1a en el predio El Mojonero donde Ram\u00f3n N\u00fa\u00f1ez una presentaci\u00f3n &nbsp;en reconocimiento de seis d\u00e9cadas de trayectoria. La jornada tendr\u00e1 entradas populares a total beneficio del Refugio de mascotas Los Luceritos.<\/p>\n\n\n\n<p>Fabi\u00e1n Barrientos, integrante del Refugio, mencion\u00f3 \u201c<em>A partir de las 12hs, nosotros los luceros nos vamos a encargar de las entradas, tambi\u00e9n habr\u00e1 comida a precios accesibles y artistas de Derqui, de Pilar, de Del Viso, es un espect\u00e1culo bastante largo y bastante importante\u201d.<\/em><\/p>\n\n\n\n<p>La Pe\u00f1a tendr\u00e1 lugar en Las Camelias 3208, Barrio Las Lilas (Pte. Derqui). Para reservar entradas pueden comunicarse al 1159985522<em>.<\/em><\/p>\n\n\n\n<p>Entrevista Completa<\/p>\n\n\n\n<p>Descargar<\/p>\n","protected":false},"excerpt":{"rendered":"<p>El pr\u00f3ximo domingo 18 de mayo se realizar\u00e1 una Pe\u00f1a en el predio El Mojonero donde Ram\u00f3n N\u00fa\u00f1ez una presentaci\u00f3n &nbsp;en reconocimiento de seis d\u00e9cadas de trayectoria. La jornada tendr\u00e1 entradas populares a total beneficio del Refugio de mascotas Los Luceritos. Fabi\u00e1n Barrientos, integrante del Refugio, mencion\u00f3 \u201cA partir de las 12hs, nosotros los luceros [&hellip;]<\/p>\n","protected":false},"author":1,"featured_media":7136,"comment_status":"open","ping_status":"open","sticky":false,"template":"","format":"standard","meta":{"footnotes":""},"categories":[1],"tags":[],"class_list":["post-7135","post","type-post","status-publish","format-standard","has-post-thumbnail","hentry","category-blog"],"_links":{"self":[{"href":"https:\/\/fmtinkunaco.ar\/index.php?rest_route=\/wp\/v2\/posts\/7135","targetHints":{"allow":["GET"]}}],"collection":[{"href":"https:\/\/fmtinkunaco.ar\/index.php?rest_route=\/wp\/v2\/posts"}],"about":[{"href":"https:\/\/fmtinkunaco.ar\/index.php?rest_route=\/wp\/v2\/types\/post"}],"author":[{"embeddable":true,"href":"https:\/\/fmtinkunaco.ar\/index.php?rest_route=\/wp\/v2\/users\/1"}],"replies":[{"embeddable":true,"href":"https:\/\/fmtinkunaco.ar\/index.php?rest_route=%2Fwp%2Fv2%2Fcomments&post=7135"}],"version-history":[{"count":1,"href":"https:\/\/fmtinkunaco.ar\/index.php?rest_route=\/wp\/v2\/posts\/7135\/revisions"}],"predecessor-version":[{"id":7137,"href":"https:\/\/fmtinkunaco.ar\/index.php?rest_route=\/wp\/v2\/posts\/7135\/revisions\/7137"}],"wp:featuredmedia":[{"embeddable":true,"href":"https:\/\/fmtinkunaco.ar\/index.php?rest_route=\/wp\/v2\/media\/7136"}],"wp:attachment":[{"href":"https:\/\/fmtinkunaco.ar\/index.php?rest_route=%2Fwp%2Fv2%2Fmedia&parent=7135"}],"wp:term":[{"taxonomy":"category","embeddable":true,"href":"https:\/\/fmtinkunaco.ar\/index.php?rest_route=%2Fwp%2Fv2%2Fcategories&post=7135"},{"taxonomy":"post_tag","embeddable":true,"href":"https:\/\/fmtinkunaco.ar\/index.php?rest_route=%2Fwp%2Fv2%2Ftags&post=7135"}],"curies":[{"name":"wp","href":"https:\/\/api.w.org\/{rel}","templated":true}]}}