{"id":7152,"date":"2025-05-12T13:56:06","date_gmt":"2025-05-12T16:56:06","guid":{"rendered":"https:\/\/fmtinkunaco.ar\/?p=7152"},"modified":"2025-05-12T13:56:06","modified_gmt":"2025-05-12T16:56:06","slug":"continua-el-conflicto-entre-la-municipalidad-de-moreno-y-la-universidad-nacional-de-moreno","status":"publish","type":"post","link":"https:\/\/fmtinkunaco.ar\/?p=7152","title":{"rendered":"Contin\u00faa el conflicto entre la Municipalidad de Moreno y la Universidad Nacional de Moreno"},"content":{"rendered":"\n<p>El pasado 24 de abril la Universidad Nacional de Moreno recibi\u00f3 una Carta Documento por parte de la Municipalidad de Moreno, en respuesta a las cartas documentos a distintos funcionarios para evitar la mudanza de organismos p\u00fablicos al terreno en disputa.<\/p>\n\n\n\n<p>El terreno, ubicado entre las calles Corval\u00e1n y Remedios de Escalada de San Mart\u00edn, fue usurpado para una construcci\u00f3n bajo pedido de la Municipalidad de Moreno pr\u00e1cticamente ya finalizada.<\/p>\n\n\n\n<p>En la Carta Documento de la Intendenta municipal, Mariel Fern\u00e1ndez, plantea poder realizar acciones judiciales penales por \u2018desobediencia\u2019 tras el reclamo por el pedio usurpado.<\/p>\n\n\n\n<p>Claudio Fardelli, Director de la Escuela Polit\u00e9cnica, explicaba \u201c<em>La causa viene movi\u00e9ndose lentamente (\u2026) El Gobierno Nacional lo que ha manifestado en su intervenci\u00f3n en la causa es que las tierras son de la Secretar\u00eda de Ni\u00f1ez, Adolescencia y Familia y que en ning\u00fan momento fueron entregadas al Municipio (\u2026) Paralelamente el municipio continuo con la construcci\u00f3n del edificio que estaba realizando hasta terminarlo, ya est\u00e1 terminado con un cartel del Consejo Escolar, no est\u00e1 ocupado aun. Es por eso que la universidad envi\u00f3 a todos los funcionarios del consejo escolar se inhiban de ocupar ese edificio porque est\u00e1 en una situaci\u00f3n de juicio\u201d.<\/em><\/p>\n\n\n\n<p>La \u00faltima actualizaci\u00f3n del conflicto se dio la semana pasada cuando el juez insto a ambas partes de alguna posibilidad de acuerdo o ratificaci\u00f3n las pruebas, sin embargo no hubo ninguna respuesta por parte de la municipalidad, sobre esto Fardelli a\u00f1ade \u201c<em>No veo porque, y con un edificio terminado y c\u00f3mo vienen llevando las cosas, lo har\u00edan ahora\u201d.<\/em><\/p>\n\n\n\n<p>Este conflicto lleva consigo ya m\u00e1s de 4 a\u00f1os sin poder llegar a una resoluci\u00f3n por ambas partes, atrasando consigo la posibilidad de desarrollar un espacio pedag\u00f3gico de calidad para los estudiantes de la Escuela Secundaria Polit\u00e9cnica de Moreno.<\/p>\n\n\n\n<p>Entrevista Completa<\/p>\n\n\n<p><iframe loading=\"lazy\" src=\"https:\/\/archive.org\/embed\/entrevista-claudio-fardelli-12-05-25\" width=\"500\" height=\"60\" frameborder=\"0\" webkitallowfullscreen=\"true\" mozallowfullscreen=\"true\" allowfullscreen><\/iframe><\/p>\n\n\n<p><a href=\"https:\/\/archive.org\/details\/entrevista-claudio-fardelli-12-05-25\" data-type=\"link\" data-id=\"https:\/\/archive.org\/details\/entrevista-claudio-fardelli-12-05-25\">Descargar<\/a><\/p>\n","protected":false},"excerpt":{"rendered":"<p>El pasado 24 de abril la Universidad Nacional de Moreno recibi\u00f3 una Carta Documento por parte de la Municipalidad de Moreno, en respuesta a las cartas documentos a distintos funcionarios para evitar la mudanza de organismos p\u00fablicos al terreno en disputa. El terreno, ubicado entre las calles Corval\u00e1n y Remedios de Escalada de San Mart\u00edn, [&hellip;]<\/p>\n","protected":false},"author":1,"featured_media":7153,"comment_status":"open","ping_status":"open","sticky":false,"template":"","format":"standard","meta":{"footnotes":""},"categories":[1],"tags":[],"class_list":["post-7152","post","type-post","status-publish","format-standard","has-post-thumbnail","hentry","category-blog"],"_links":{"self":[{"href":"https:\/\/fmtinkunaco.ar\/index.php?rest_route=\/wp\/v2\/posts\/7152","targetHints":{"allow":["GET"]}}],"collection":[{"href":"https:\/\/fmtinkunaco.ar\/index.php?rest_route=\/wp\/v2\/posts"}],"about":[{"href":"https:\/\/fmtinkunaco.ar\/index.php?rest_route=\/wp\/v2\/types\/post"}],"author":[{"embeddable":true,"href":"https:\/\/fmtinkunaco.ar\/index.php?rest_route=\/wp\/v2\/users\/1"}],"replies":[{"embeddable":true,"href":"https:\/\/fmtinkunaco.ar\/index.php?rest_route=%2Fwp%2Fv2%2Fcomments&post=7152"}],"version-history":[{"count":1,"href":"https:\/\/fmtinkunaco.ar\/index.php?rest_route=\/wp\/v2\/posts\/7152\/revisions"}],"predecessor-version":[{"id":7154,"href":"https:\/\/fmtinkunaco.ar\/index.php?rest_route=\/wp\/v2\/posts\/7152\/revisions\/7154"}],"wp:featuredmedia":[{"embeddable":true,"href":"https:\/\/fmtinkunaco.ar\/index.php?rest_route=\/wp\/v2\/media\/7153"}],"wp:attachment":[{"href":"https:\/\/fmtinkunaco.ar\/index.php?rest_route=%2Fwp%2Fv2%2Fmedia&parent=7152"}],"wp:term":[{"taxonomy":"category","embeddable":true,"href":"https:\/\/fmtinkunaco.ar\/index.php?rest_route=%2Fwp%2Fv2%2Fcategories&post=7152"},{"taxonomy":"post_tag","embeddable":true,"href":"https:\/\/fmtinkunaco.ar\/index.php?rest_route=%2Fwp%2Fv2%2Ftags&post=7152"}],"curies":[{"name":"wp","href":"https:\/\/api.w.org\/{rel}","templated":true}]}}