{"id":7159,"date":"2025-05-14T13:54:38","date_gmt":"2025-05-14T16:54:38","guid":{"rendered":"https:\/\/fmtinkunaco.ar\/?p=7159"},"modified":"2025-05-16T13:59:53","modified_gmt":"2025-05-16T16:59:53","slug":"marcha-y-acto-en-el-campito-de-campo-de-mayo","status":"publish","type":"post","link":"https:\/\/fmtinkunaco.ar\/?p=7159","title":{"rendered":"Marcha y Acto en El Campito de Campo de Mayo"},"content":{"rendered":"\n<p>La Mesa por la Memoria de Campo de Mayo organiza una nueva jornada de marcha y acto en \u201cEl Campito\u201d el pr\u00f3ximo s\u00e1bado 17 de mayo.<\/p>\n\n\n\n<p>Cristian Roberto Tauil, hijo de desparecidos e integrante de la Mesa por la Memoria, explicaba \u201c<em>Nosotros venimos sosteniendo la idea de que se tienen que concretar las obras de construcci\u00f3n del espacio de la memoria, por eso hemos estado movilizando\u201d.<\/em><\/p>\n\n\n\n<p>Cristian es hijo de Roberto Tauil Tatangelo, \u00a0obrero militante detenido desaparecido por el terrorismo de Estado en El Talar.<\/p>\n\n\n\n<p>Sobre la situaci\u00f3n de Campo de Mayo mencionaba \u201c<em>Campo de mayo es complejo porque funciona hoy una guarnici\u00f3n militar aun, tambi\u00e9n fue el lugar donde partieron los vuelos de la muerte, y donde estuvieron nuestros familiares, amigos y compa\u00f1eros. Tambi\u00e9n es una oportunidad para plantear que el lugar tiene que cumplir otro rol, otra funci\u00f3n, la oportunidad de discutir qu\u00e9 cosas podr\u00edan significar. Reivindicamos la creaci\u00f3n del espacio de memoria\u201d.<\/em><\/p>\n\n\n\n<p>El acto se realizar\u00e1 en homenaje al aniversario de la aparici\u00f3n y del nacimiento del Negrito Avellaneda y a todos los compa\u00f1eros detenidos-desaparecidos de Campo de Mayo. Convocan a concentrar en la Se\u00f1alizaci\u00f3n del ex Centro Clandestino de Detenci\u00f3n El Campito a las 12:00hs.<\/p>\n\n\n\n<p>En un contexto pol\u00edtico donde el negacionismo es cada vez m\u00e1s presente, el reclamo por la continuaci\u00f3n de espacios de memoria es el s\u00edmbolo y resultado de la lucha colectiva.<\/p>\n\n\n\n<p>Entrevista Completa<\/p>\n\n\n<p><iframe loading=\"lazy\" src=\"https:\/\/archive.org\/embed\/entrevista-cristian-roberto-tauil-14-05-25_202505\" width=\"500\" height=\"60\" frameborder=\"0\" webkitallowfullscreen=\"true\" mozallowfullscreen=\"true\" allowfullscreen><\/iframe><\/p>\n\n\n<p><a href=\"https:\/\/archive.org\/details\/entrevista-cristian-roberto-tauil-14-05-25_202505\" data-type=\"link\" data-id=\"https:\/\/archive.org\/details\/entrevista-cristian-roberto-tauil-14-05-25_202505\">Descargar<\/a><\/p>\n","protected":false},"excerpt":{"rendered":"<p>La Mesa por la Memoria de Campo de Mayo organiza una nueva jornada de marcha y acto en \u201cEl Campito\u201d el pr\u00f3ximo s\u00e1bado 17 de mayo. Cristian Roberto Tauil, hijo de desparecidos e integrante de la Mesa por la Memoria, explicaba \u201cNosotros venimos sosteniendo la idea de que se tienen que concretar las obras de [&hellip;]<\/p>\n","protected":false},"author":1,"featured_media":7160,"comment_status":"open","ping_status":"open","sticky":false,"template":"","format":"standard","meta":{"footnotes":""},"categories":[1],"tags":[],"class_list":["post-7159","post","type-post","status-publish","format-standard","has-post-thumbnail","hentry","category-blog"],"_links":{"self":[{"href":"https:\/\/fmtinkunaco.ar\/index.php?rest_route=\/wp\/v2\/posts\/7159","targetHints":{"allow":["GET"]}}],"collection":[{"href":"https:\/\/fmtinkunaco.ar\/index.php?rest_route=\/wp\/v2\/posts"}],"about":[{"href":"https:\/\/fmtinkunaco.ar\/index.php?rest_route=\/wp\/v2\/types\/post"}],"author":[{"embeddable":true,"href":"https:\/\/fmtinkunaco.ar\/index.php?rest_route=\/wp\/v2\/users\/1"}],"replies":[{"embeddable":true,"href":"https:\/\/fmtinkunaco.ar\/index.php?rest_route=%2Fwp%2Fv2%2Fcomments&post=7159"}],"version-history":[{"count":2,"href":"https:\/\/fmtinkunaco.ar\/index.php?rest_route=\/wp\/v2\/posts\/7159\/revisions"}],"predecessor-version":[{"id":7167,"href":"https:\/\/fmtinkunaco.ar\/index.php?rest_route=\/wp\/v2\/posts\/7159\/revisions\/7167"}],"wp:featuredmedia":[{"embeddable":true,"href":"https:\/\/fmtinkunaco.ar\/index.php?rest_route=\/wp\/v2\/media\/7160"}],"wp:attachment":[{"href":"https:\/\/fmtinkunaco.ar\/index.php?rest_route=%2Fwp%2Fv2%2Fmedia&parent=7159"}],"wp:term":[{"taxonomy":"category","embeddable":true,"href":"https:\/\/fmtinkunaco.ar\/index.php?rest_route=%2Fwp%2Fv2%2Fcategories&post=7159"},{"taxonomy":"post_tag","embeddable":true,"href":"https:\/\/fmtinkunaco.ar\/index.php?rest_route=%2Fwp%2Fv2%2Ftags&post=7159"}],"curies":[{"name":"wp","href":"https:\/\/api.w.org\/{rel}","templated":true}]}}