{"id":7171,"date":"2025-05-19T15:05:35","date_gmt":"2025-05-19T18:05:35","guid":{"rendered":"https:\/\/fmtinkunaco.ar\/?p=7171"},"modified":"2025-05-19T15:05:35","modified_gmt":"2025-05-19T18:05:35","slug":"la-comunidad-travesti-trans-impulsa-la-ley-de-reparacion-historica-en-reconocimiento-de-la-persecucion-estatal","status":"publish","type":"post","link":"https:\/\/fmtinkunaco.ar\/?p=7171","title":{"rendered":"La comunidad Travesti Trans impulsa la Ley de Reparaci\u00f3n Hist\u00f3rica en reconocimiento de la persecuci\u00f3n estatal"},"content":{"rendered":"\n<p>Impulsado por diferentes organizaciones autoconvocadas del colectivo, el proyecto de Ley de Reparaci\u00f3n Hist\u00f3rica propone que se garantice una pensi\u00f3n reparatoria y un acompa\u00f1amiento en salud integral para una vejez digna para sobrevivientes trans-travestis del genocidio y cr\u00edmenes de lesa humanidad en Argentina.<\/p>\n\n\n\n<p>Esta Proyecto surge y es redactado \u00fanicamente por la comunidad travesti trans, trata de una normativa que permita la entrega de una pensi\u00f3n mensual y reparatoria a las trans y travestis mayores de 50 a\u00f1os que hayan sido v\u00edctimas de violencia institucional en base a su identidad de g\u00e9nero, adem\u00e1s de pensiones para hijxs y nietxs de personas travesti trans fallecidas como consecuencia de estas violencias.<\/p>\n\n\n\n<p>En adhesi\u00f3n a esto, convocan a participar del Festival por la Ley de Reparaci\u00f3n Hist\u00f3rica, el cual ser\u00e1 el pr\u00f3ximo s\u00e1bado 24 de mayo.<\/p>\n\n\n\n<p>En comunicaci\u00f3n con el Noticiero, Erika Noely Moreno, integrante de las Hist\u00f3ricas Argentinas, mencionaba sobre el Festival \u201c<em>vamos a hacer un festival, ya que no se puede manifestar el a\u00f1o pasado fuimos reprimidas, no golpeadas ni gaseadas pero nos impidieron transitar por la calle (\u2026) este a\u00f1o va a ser a las 14hs, est\u00e1n invitades todas las personas que est\u00e9n luchando por los derechos y realmente acompa\u00f1en al colectivo travesti-trans\u201d.<\/em><\/p>\n\n\n\n<p>El festival convoca acercarse a partir de las 14hs en la Plaza de Mayo, donde habr\u00e1 ronda a la Plaza, olla popular, lectura de documentos y festival art\u00edstico.<\/p>\n\n\n\n<p>Entrevista completa<\/p>\n\n\n<p><iframe loading=\"lazy\" src=\"https:\/\/archive.org\/embed\/entrevista-erika-moreno-las-historicas-19-05-25\" width=\"500\" height=\"60\" frameborder=\"0\" webkitallowfullscreen=\"true\" mozallowfullscreen=\"true\" allowfullscreen><\/iframe><\/p>\n\n\n<p><a href=\"https:\/\/archive.org\/details\/entrevista-erika-moreno-las-historicas-19-05-25\" data-type=\"link\" data-id=\"https:\/\/archive.org\/details\/entrevista-erika-moreno-las-historicas-19-05-25\">Descargar<\/a><\/p>\n","protected":false},"excerpt":{"rendered":"<p>Impulsado por diferentes organizaciones autoconvocadas del colectivo, el proyecto de Ley de Reparaci\u00f3n Hist\u00f3rica propone que se garantice una pensi\u00f3n reparatoria y un acompa\u00f1amiento en salud integral para una vejez digna para sobrevivientes trans-travestis del genocidio y cr\u00edmenes de lesa humanidad en Argentina. Esta Proyecto surge y es redactado \u00fanicamente por la comunidad travesti trans, [&hellip;]<\/p>\n","protected":false},"author":1,"featured_media":7172,"comment_status":"open","ping_status":"open","sticky":false,"template":"","format":"standard","meta":{"footnotes":""},"categories":[1],"tags":[],"class_list":["post-7171","post","type-post","status-publish","format-standard","has-post-thumbnail","hentry","category-blog"],"_links":{"self":[{"href":"https:\/\/fmtinkunaco.ar\/index.php?rest_route=\/wp\/v2\/posts\/7171","targetHints":{"allow":["GET"]}}],"collection":[{"href":"https:\/\/fmtinkunaco.ar\/index.php?rest_route=\/wp\/v2\/posts"}],"about":[{"href":"https:\/\/fmtinkunaco.ar\/index.php?rest_route=\/wp\/v2\/types\/post"}],"author":[{"embeddable":true,"href":"https:\/\/fmtinkunaco.ar\/index.php?rest_route=\/wp\/v2\/users\/1"}],"replies":[{"embeddable":true,"href":"https:\/\/fmtinkunaco.ar\/index.php?rest_route=%2Fwp%2Fv2%2Fcomments&post=7171"}],"version-history":[{"count":1,"href":"https:\/\/fmtinkunaco.ar\/index.php?rest_route=\/wp\/v2\/posts\/7171\/revisions"}],"predecessor-version":[{"id":7173,"href":"https:\/\/fmtinkunaco.ar\/index.php?rest_route=\/wp\/v2\/posts\/7171\/revisions\/7173"}],"wp:featuredmedia":[{"embeddable":true,"href":"https:\/\/fmtinkunaco.ar\/index.php?rest_route=\/wp\/v2\/media\/7172"}],"wp:attachment":[{"href":"https:\/\/fmtinkunaco.ar\/index.php?rest_route=%2Fwp%2Fv2%2Fmedia&parent=7171"}],"wp:term":[{"taxonomy":"category","embeddable":true,"href":"https:\/\/fmtinkunaco.ar\/index.php?rest_route=%2Fwp%2Fv2%2Fcategories&post=7171"},{"taxonomy":"post_tag","embeddable":true,"href":"https:\/\/fmtinkunaco.ar\/index.php?rest_route=%2Fwp%2Fv2%2Ftags&post=7171"}],"curies":[{"name":"wp","href":"https:\/\/api.w.org\/{rel}","templated":true}]}}