{"id":7180,"date":"2025-05-22T13:32:16","date_gmt":"2025-05-22T16:32:16","guid":{"rendered":"https:\/\/fmtinkunaco.ar\/?p=7180"},"modified":"2025-05-23T08:44:03","modified_gmt":"2025-05-23T11:44:03","slug":"jose-c-paz-cens-invitan-a-un-acto-por-el-25-de-mayo","status":"publish","type":"post","link":"https:\/\/fmtinkunaco.ar\/?p=7180","title":{"rendered":"Jos\u00e9 C. Paz: CENS invitan a un Acto por el 25 de Mayo"},"content":{"rendered":"\n<p>Los CENS, tambi\u00e9n conocidos como Centros Educativos de Nivel Secundario, son instituciones educativas que permiten completar la formaci\u00f3n secundaria a aquellas personas que no han podido terminarla.<\/p>\n\n\n\n<p>En la zona de Jos\u00e9 C. Paz se ubican 8 centros educativos para personas mayores o j\u00f3venes adultos, adem\u00e1s de contar con espacios de estudios primarios. En comunicaci\u00f3n con Carolina Arrieto, Directora del CENS 451 en Jos\u00e9 C. Paz, explicaba \u201c<em>Hacemos inscripciones durante todo el a\u00f1o, en los dos niveles tanto primario como secundario. Los requisitos son que sean de mayor de 18 a\u00f1os para CENS, para EPA <\/em>(Escuelas Primarias para Adultos) <em>mayores de 14 y tener fotocopia de DNI, y estudios previos a la secundaria o a la primaria\u201d.<\/em><\/p>\n\n\n\n<p>En esta ocasi\u00f3n el CENS n\u00b0451, el CENS n\u00b0454 y el EPA 701 (Escuela Primarias para Adultos) organizan en conjunto un festival y acto por el 25 de Mayo.<\/p>\n\n\n\n<p>Sobre el acto, Arrieto comentaba \u201c<em>Va a haber baile, buffet para poder colaborar con las instituciones, algunos n\u00fameros musicales y lo van a llevar adelante los estudiantes mayormente de los terceros que ya est\u00e1n un poquito m\u00e1s afianzados en la modalidad. La propuesta es trabajar de manera conjunta, colectiva y darnos a conocer\u201d.<\/em><\/p>\n\n\n\n<p>La actividad ser\u00e1 abierta a la comunidad, el viernes 23 en el CENS 451 (Serrano 4535, Jos\u00e9 C. Paz), a partir de las 18:30 hasta las 21:00 hs.<\/p>\n\n\n\n<p>Entrevista Completa<\/p>\n\n\n\n<p>Descargar<\/p>\n","protected":false},"excerpt":{"rendered":"<p>Los CENS, tambi\u00e9n conocidos como Centros Educativos de Nivel Secundario, son instituciones educativas que permiten completar la formaci\u00f3n secundaria a aquellas personas que no han podido terminarla. En la zona de Jos\u00e9 C. Paz se ubican 8 centros educativos para personas mayores o j\u00f3venes adultos, adem\u00e1s de contar con espacios de estudios primarios. En comunicaci\u00f3n [&hellip;]<\/p>\n","protected":false},"author":1,"featured_media":7181,"comment_status":"open","ping_status":"open","sticky":false,"template":"","format":"standard","meta":{"footnotes":""},"categories":[5],"tags":[],"class_list":["post-7180","post","type-post","status-publish","format-standard","has-post-thumbnail","hentry","category-educacion"],"_links":{"self":[{"href":"https:\/\/fmtinkunaco.ar\/index.php?rest_route=\/wp\/v2\/posts\/7180","targetHints":{"allow":["GET"]}}],"collection":[{"href":"https:\/\/fmtinkunaco.ar\/index.php?rest_route=\/wp\/v2\/posts"}],"about":[{"href":"https:\/\/fmtinkunaco.ar\/index.php?rest_route=\/wp\/v2\/types\/post"}],"author":[{"embeddable":true,"href":"https:\/\/fmtinkunaco.ar\/index.php?rest_route=\/wp\/v2\/users\/1"}],"replies":[{"embeddable":true,"href":"https:\/\/fmtinkunaco.ar\/index.php?rest_route=%2Fwp%2Fv2%2Fcomments&post=7180"}],"version-history":[{"count":2,"href":"https:\/\/fmtinkunaco.ar\/index.php?rest_route=\/wp\/v2\/posts\/7180\/revisions"}],"predecessor-version":[{"id":7184,"href":"https:\/\/fmtinkunaco.ar\/index.php?rest_route=\/wp\/v2\/posts\/7180\/revisions\/7184"}],"wp:featuredmedia":[{"embeddable":true,"href":"https:\/\/fmtinkunaco.ar\/index.php?rest_route=\/wp\/v2\/media\/7181"}],"wp:attachment":[{"href":"https:\/\/fmtinkunaco.ar\/index.php?rest_route=%2Fwp%2Fv2%2Fmedia&parent=7180"}],"wp:term":[{"taxonomy":"category","embeddable":true,"href":"https:\/\/fmtinkunaco.ar\/index.php?rest_route=%2Fwp%2Fv2%2Fcategories&post=7180"},{"taxonomy":"post_tag","embeddable":true,"href":"https:\/\/fmtinkunaco.ar\/index.php?rest_route=%2Fwp%2Fv2%2Ftags&post=7180"}],"curies":[{"name":"wp","href":"https:\/\/api.w.org\/{rel}","templated":true}]}}