{"id":7186,"date":"2025-05-23T14:14:34","date_gmt":"2025-05-23T17:14:34","guid":{"rendered":"https:\/\/fmtinkunaco.ar\/?p=7186"},"modified":"2025-05-23T14:18:56","modified_gmt":"2025-05-23T17:18:56","slug":"justicia-por-rocio-comienza-el-juicio-contra-el-ex-presidente-del-concejo-deliberante-de-moreno-marcelo-garcia","status":"publish","type":"post","link":"https:\/\/fmtinkunaco.ar\/?p=7186","title":{"rendered":"Justicia por Roc\u00edo: Comienza el juicio contra el ex Presidente del Concejo Deliberante de Moreno Marcelo Garc\u00eda \u00a0"},"content":{"rendered":"\n<p>Desde el movimiento \u201cRoc\u00edo yo te creo\u201d acompa\u00f1an el reclamo y denuncia que realiz\u00f3 Roc\u00edo Gavil\u00e1n, por abuso sexual sufrido en el a\u00f1o 201, por el entonces presidente del Concejo Deliberante de Moreno Marcelo Garc\u00eda.<\/p>\n\n\n\n<p>Mar\u00eda Garbino, integrante de comisi\u00f3n \u201cRoc\u00edo yo te creo\u201d y \u201cJuntas y a la Izquierda\u201d, explicaba la situaci\u00f3n \u201cen 2018 <em>Roc\u00edo se anima y puede denunciar a abuso sexual por parte de Marcelo Garc\u00eda que en ese momento era el Presidente del Concejo Deliberante de Moreno y ella era una trabajadora municipal. Entonces la denuncia tiene un peso muy importante no solo por el cargo que ten\u00eda ese momento sino por ser mujer, entonces se agrava la situaci\u00f3n no solo por abuso sexual sino por <strong>abuso de poder<\/strong>\u201d.<\/em><\/p>\n\n\n\n<p>La denuncia se realiz\u00f3 en 2018, sin embargo a\u00fan sigue abierta la causa y diferentes organizaciones feministas, sociales, sindicales, pol\u00edticas autoconvocadas contin\u00faan reclamando junto al lema \u201c<strong>Justicia por Roc\u00edo\u201d<\/strong>. Sobre el colectivo de mujeres Garbino mencionaba \u201c<em>R\u00e1pidamente pudimos armar una red y a partir de ese momento empezamos a trabajar la visibilizaci\u00f3n, la denuncia, asambleas, marchas al municipio \u00a0que en ese momento encubr\u00eda a ese abusador\u201d.<\/em><\/p>\n\n\n\n<p>Luego de la denuncia se logr\u00f3 que, tras ser imputado por abuso sexual, Garc\u00eda renuncie a su puesto en el Concejo pero sin embargo, logr\u00f3 volver a tomar un cargo dentro del Ministerio de Desarrollo sin ninguna dificultad. Pero tras la lucha del colectivo junto a Roc\u00edo, han logrado hemos que quede inhabilitado para ejercer cargos p\u00fablicos y que el Concejo Deliberante apruebe un protocolo contra la violencia para las trabajadoras municipales, adem\u00e1s de cambiar la caratula del caso de \u201cAbuso Sexual Agravado\u201d por \u201cAbuso de Poder\u201d.<\/p>\n\n\n\n<p>El pr\u00f3ximo 26 y 27 de Mayo continua el juicio oral y p\u00fablico en Mercedes a partir de las 9:00hs.<\/p>\n\n\n\n<p>Entrevista completa<\/p>\n\n\n<p><iframe loading=\"lazy\" src=\"https:\/\/archive.org\/embed\/entrevista-maria-garvino-23-05-25\" width=\"500\" height=\"60\" frameborder=\"0\" webkitallowfullscreen=\"true\" mozallowfullscreen=\"true\" allowfullscreen><\/iframe><\/p>\n\n\n<p><a href=\"https:\/\/archive.org\/details\/entrevista-maria-garvino-23-05-25\" data-type=\"link\" data-id=\"https:\/\/archive.org\/details\/entrevista-maria-garvino-23-05-25\">Descargar<\/a><\/p>\n","protected":false},"excerpt":{"rendered":"<p>Desde el movimiento \u201cRoc\u00edo yo te creo\u201d acompa\u00f1an el reclamo y denuncia que realiz\u00f3 Roc\u00edo Gavil\u00e1n, por abuso sexual sufrido en el a\u00f1o 201, por el entonces presidente del Concejo Deliberante de Moreno Marcelo Garc\u00eda. Mar\u00eda Garbino, integrante de comisi\u00f3n \u201cRoc\u00edo yo te creo\u201d y \u201cJuntas y a la Izquierda\u201d, explicaba la situaci\u00f3n \u201cen 2018 [&hellip;]<\/p>\n","protected":false},"author":1,"featured_media":7188,"comment_status":"open","ping_status":"open","sticky":false,"template":"","format":"standard","meta":{"footnotes":""},"categories":[1],"tags":[],"class_list":["post-7186","post","type-post","status-publish","format-standard","has-post-thumbnail","hentry","category-blog"],"_links":{"self":[{"href":"https:\/\/fmtinkunaco.ar\/index.php?rest_route=\/wp\/v2\/posts\/7186","targetHints":{"allow":["GET"]}}],"collection":[{"href":"https:\/\/fmtinkunaco.ar\/index.php?rest_route=\/wp\/v2\/posts"}],"about":[{"href":"https:\/\/fmtinkunaco.ar\/index.php?rest_route=\/wp\/v2\/types\/post"}],"author":[{"embeddable":true,"href":"https:\/\/fmtinkunaco.ar\/index.php?rest_route=\/wp\/v2\/users\/1"}],"replies":[{"embeddable":true,"href":"https:\/\/fmtinkunaco.ar\/index.php?rest_route=%2Fwp%2Fv2%2Fcomments&post=7186"}],"version-history":[{"count":2,"href":"https:\/\/fmtinkunaco.ar\/index.php?rest_route=\/wp\/v2\/posts\/7186\/revisions"}],"predecessor-version":[{"id":7190,"href":"https:\/\/fmtinkunaco.ar\/index.php?rest_route=\/wp\/v2\/posts\/7186\/revisions\/7190"}],"wp:featuredmedia":[{"embeddable":true,"href":"https:\/\/fmtinkunaco.ar\/index.php?rest_route=\/wp\/v2\/media\/7188"}],"wp:attachment":[{"href":"https:\/\/fmtinkunaco.ar\/index.php?rest_route=%2Fwp%2Fv2%2Fmedia&parent=7186"}],"wp:term":[{"taxonomy":"category","embeddable":true,"href":"https:\/\/fmtinkunaco.ar\/index.php?rest_route=%2Fwp%2Fv2%2Fcategories&post=7186"},{"taxonomy":"post_tag","embeddable":true,"href":"https:\/\/fmtinkunaco.ar\/index.php?rest_route=%2Fwp%2Fv2%2Ftags&post=7186"}],"curies":[{"name":"wp","href":"https:\/\/api.w.org\/{rel}","templated":true}]}}