{"id":7191,"date":"2025-05-26T13:48:27","date_gmt":"2025-05-26T16:48:27","guid":{"rendered":"https:\/\/fmtinkunaco.ar\/?p=7191"},"modified":"2025-05-30T10:13:57","modified_gmt":"2025-05-30T13:13:57","slug":"paritarias-municipales-de-moreno-trabajadores-municipales-reclaman-recomposicion-salarial","status":"publish","type":"post","link":"https:\/\/fmtinkunaco.ar\/?p=7191","title":{"rendered":"Paritarias Municipales de Moreno: trabajadores municipales reclaman recomposici\u00f3n salarial"},"content":{"rendered":"\n<p>En la mesa paritaria del mes de Marzo, se ofreci\u00f3 un aumento del 10% para los trabajadores municipales de Moreno para el primer trimestre del a\u00f1o, pero de un 26% para la jerarqu\u00eda municipal.<\/p>\n\n\n\n<p>En un contexto donde la inflaci\u00f3n no deja de aumentar y los salarios siguen congelados, los sueldos de los trabajares no supera el \u00edndice de pobreza.<\/p>\n\n\n\n<p>Ra\u00fal Soria, trabajador municipal de Moreno e integrante de la secci\u00f3n Primero de Mayo Verde y Roja de ATE, explicaba la situaci\u00f3n &nbsp;\u201c<em>Nosotros entendemos que tenemos una perdida en estos 5 a\u00f1os de la intendenta Mariel Fernandez del 160% de p\u00e9rdida de poder adquisitivo, por lo cual los aumentos que van dando no parecen tener la idea de recomponer (\u2026) Este ofrecimiento del 10% no solo no llena sino que encima genera malestar en los trabajadores entendiendo que hubo un aumento superior para ejecutivos, que se auto dieron\u201d.<\/em><\/p>\n\n\n\n<p>Dentro del cuerpo sindical se est\u00e1n barajeando la propuesta de aumentar a un 12 o 15% pero, y seg\u00fan Soria, \u201c<em>no alcanza a las expectativas de los salarios de los trabajadores\u201d.<\/em><\/p>\n\n\n\n<p>Frente al descontento con las conducciones sindicales, el ajuste salarial del Municipio y la p\u00e9rdida de poder adquisitivo, distintos grupos gremiales contin\u00faan con el reclamo de reapertura a paritarias que tengan en cuenta las necesidades colectivas.<\/p>\n\n\n\n<p>Entrevista Completa<\/p>\n\n\n<p><iframe loading=\"lazy\" src=\"https:\/\/archive.org\/embed\/entrevista-raul-soria-26-05-25\" width=\"500\" height=\"60\" frameborder=\"0\" webkitallowfullscreen=\"true\" mozallowfullscreen=\"true\" allowfullscreen><\/iframe><\/p>\n\n\n<p><a href=\"https:\/\/archive.org\/details\/entrevista-raul-soria-26-05-25\" data-type=\"link\" data-id=\"https:\/\/archive.org\/details\/entrevista-raul-soria-26-05-25\">Descargar<\/a><\/p>\n","protected":false},"excerpt":{"rendered":"<p>En la mesa paritaria del mes de Marzo, se ofreci\u00f3 un aumento del 10% para los trabajadores municipales de Moreno para el primer trimestre del a\u00f1o, pero de un 26% para la jerarqu\u00eda municipal. En un contexto donde la inflaci\u00f3n no deja de aumentar y los salarios siguen congelados, los sueldos de los trabajares no [&hellip;]<\/p>\n","protected":false},"author":1,"featured_media":7193,"comment_status":"open","ping_status":"open","sticky":false,"template":"","format":"standard","meta":{"footnotes":""},"categories":[1],"tags":[],"class_list":["post-7191","post","type-post","status-publish","format-standard","has-post-thumbnail","hentry","category-blog"],"_links":{"self":[{"href":"https:\/\/fmtinkunaco.ar\/index.php?rest_route=\/wp\/v2\/posts\/7191","targetHints":{"allow":["GET"]}}],"collection":[{"href":"https:\/\/fmtinkunaco.ar\/index.php?rest_route=\/wp\/v2\/posts"}],"about":[{"href":"https:\/\/fmtinkunaco.ar\/index.php?rest_route=\/wp\/v2\/types\/post"}],"author":[{"embeddable":true,"href":"https:\/\/fmtinkunaco.ar\/index.php?rest_route=\/wp\/v2\/users\/1"}],"replies":[{"embeddable":true,"href":"https:\/\/fmtinkunaco.ar\/index.php?rest_route=%2Fwp%2Fv2%2Fcomments&post=7191"}],"version-history":[{"count":2,"href":"https:\/\/fmtinkunaco.ar\/index.php?rest_route=\/wp\/v2\/posts\/7191\/revisions"}],"predecessor-version":[{"id":7206,"href":"https:\/\/fmtinkunaco.ar\/index.php?rest_route=\/wp\/v2\/posts\/7191\/revisions\/7206"}],"wp:featuredmedia":[{"embeddable":true,"href":"https:\/\/fmtinkunaco.ar\/index.php?rest_route=\/wp\/v2\/media\/7193"}],"wp:attachment":[{"href":"https:\/\/fmtinkunaco.ar\/index.php?rest_route=%2Fwp%2Fv2%2Fmedia&parent=7191"}],"wp:term":[{"taxonomy":"category","embeddable":true,"href":"https:\/\/fmtinkunaco.ar\/index.php?rest_route=%2Fwp%2Fv2%2Fcategories&post=7191"},{"taxonomy":"post_tag","embeddable":true,"href":"https:\/\/fmtinkunaco.ar\/index.php?rest_route=%2Fwp%2Fv2%2Ftags&post=7191"}],"curies":[{"name":"wp","href":"https:\/\/api.w.org\/{rel}","templated":true}]}}