{"id":7218,"date":"2025-06-05T09:23:32","date_gmt":"2025-06-05T12:23:32","guid":{"rendered":"https:\/\/fmtinkunaco.ar\/?p=7218"},"modified":"2025-06-05T09:23:33","modified_gmt":"2025-06-05T12:23:33","slug":"el-gobierno-oficializo-modificaciones-en-el-servicio-militar-voluntario","status":"publish","type":"post","link":"https:\/\/fmtinkunaco.ar\/?p=7218","title":{"rendered":"El Gobierno oficializ\u00f3 modificaciones en el Servicio Militar Voluntario"},"content":{"rendered":"\n<p>A trav\u00e9s de un Bolet\u00edn Oficial, el Gobierno de la Naci\u00f3n decreto la implementaci\u00f3n del Servicio Militar Voluntario junto con reformas sobre las condiciones de inscripci\u00f3n y permanencia en las fuerzas.<\/p>\n\n\n\n<p>Se reglament\u00f3 la obligatoriedad en la finalizaci\u00f3n de estudios secundarios para soldados que ingresan sin haber completado ese nivel, capacitaci\u00f3n en oficios \u00fatiles certificados tanto dentro como fuera de las fuerzas, ampliaci\u00f3n del rango de edad de 18 a 28 a\u00f1os, junto a otras modificaciones.<\/p>\n\n\n\n<p>Dami\u00e1n Ravenna, Presidente de la APDH-Asamblea Permanente por los Derechos Humanos Zona Norte, daba su lectura sobre este tema \u201c<em>Por un lado, nuestra sociedad es una sociedad post genocidio, que fue el terrorismo de estado en la d\u00e9cada de los 70\u2019, que lo que provoco una reformaci\u00f3n de la sociedad hacia valores m\u00e1s conservadores y m\u00e1s reaccionarios (\u2026) En ese marco es que la sociedad ha tenido un corrimiento cultural e ideol\u00f3gico hacia valores m\u00e1s conservadores reaccionarios y aquello que carece de sentido com\u00fan\u201d.<\/em><\/p>\n\n\n\n<p>Sobre el cupo de ingresantes, Ravenna comentaba <em>\u201cLa realidad es que la mayor\u00eda de los que se inscriben en este tipo de servicio militar voluntario, incluso la polic\u00eda o la gendarmer\u00eda, porque en realidad lo \u00fanico que quieren es tener las 4 comidas y un salario asegurado (\u2026) Est\u00e1 m\u00e1s relacionado con la crisis social, la crisis social produce que aumenta la inscripci\u00f3n de personas en este tipo de fuerzas de seguridad. Entonces si lo marcamos en ese contexto, y comprendiendo los aspectos culturales e ideol\u00f3gicos, producto del terrorismo de estado\u201d.<\/em><\/p>\n\n\n\n<p>Entrevista completa<\/p>\n\n\n<p><iframe loading=\"lazy\" src=\"https:\/\/archive.org\/embed\/entrevista-damian-ravenna-04-06-25\" width=\"500\" height=\"60\" frameborder=\"0\" webkitallowfullscreen=\"true\" mozallowfullscreen=\"true\" allowfullscreen><\/iframe><\/p>\n\n\n<p><a href=\"https:\/\/archive.org\/details\/entrevista-damian-ravenna-04-06-25\" data-type=\"link\" data-id=\"https:\/\/archive.org\/details\/entrevista-damian-ravenna-04-06-25\">Descargar<\/a><\/p>\n","protected":false},"excerpt":{"rendered":"<p>A trav\u00e9s de un Bolet\u00edn Oficial, el Gobierno de la Naci\u00f3n decreto la implementaci\u00f3n del Servicio Militar Voluntario junto con reformas sobre las condiciones de inscripci\u00f3n y permanencia en las fuerzas. Se reglament\u00f3 la obligatoriedad en la finalizaci\u00f3n de estudios secundarios para soldados que ingresan sin haber completado ese nivel, capacitaci\u00f3n en oficios \u00fatiles certificados [&hellip;]<\/p>\n","protected":false},"author":1,"featured_media":7219,"comment_status":"open","ping_status":"open","sticky":false,"template":"","format":"standard","meta":{"footnotes":""},"categories":[1],"tags":[],"class_list":["post-7218","post","type-post","status-publish","format-standard","has-post-thumbnail","hentry","category-blog"],"_links":{"self":[{"href":"https:\/\/fmtinkunaco.ar\/index.php?rest_route=\/wp\/v2\/posts\/7218","targetHints":{"allow":["GET"]}}],"collection":[{"href":"https:\/\/fmtinkunaco.ar\/index.php?rest_route=\/wp\/v2\/posts"}],"about":[{"href":"https:\/\/fmtinkunaco.ar\/index.php?rest_route=\/wp\/v2\/types\/post"}],"author":[{"embeddable":true,"href":"https:\/\/fmtinkunaco.ar\/index.php?rest_route=\/wp\/v2\/users\/1"}],"replies":[{"embeddable":true,"href":"https:\/\/fmtinkunaco.ar\/index.php?rest_route=%2Fwp%2Fv2%2Fcomments&post=7218"}],"version-history":[{"count":1,"href":"https:\/\/fmtinkunaco.ar\/index.php?rest_route=\/wp\/v2\/posts\/7218\/revisions"}],"predecessor-version":[{"id":7220,"href":"https:\/\/fmtinkunaco.ar\/index.php?rest_route=\/wp\/v2\/posts\/7218\/revisions\/7220"}],"wp:featuredmedia":[{"embeddable":true,"href":"https:\/\/fmtinkunaco.ar\/index.php?rest_route=\/wp\/v2\/media\/7219"}],"wp:attachment":[{"href":"https:\/\/fmtinkunaco.ar\/index.php?rest_route=%2Fwp%2Fv2%2Fmedia&parent=7218"}],"wp:term":[{"taxonomy":"category","embeddable":true,"href":"https:\/\/fmtinkunaco.ar\/index.php?rest_route=%2Fwp%2Fv2%2Fcategories&post=7218"},{"taxonomy":"post_tag","embeddable":true,"href":"https:\/\/fmtinkunaco.ar\/index.php?rest_route=%2Fwp%2Fv2%2Ftags&post=7218"}],"curies":[{"name":"wp","href":"https:\/\/api.w.org\/{rel}","templated":true}]}}