{"id":7225,"date":"2025-06-06T13:32:09","date_gmt":"2025-06-06T16:32:09","guid":{"rendered":"https:\/\/fmtinkunaco.ar\/?p=7225"},"modified":"2025-06-06T13:32:09","modified_gmt":"2025-06-06T16:32:09","slug":"san-miguel-familiares-exigen-justicia-por-el-fallecimiento-de-dos-trabajadores-tercerizados-del-municipio-de-san-miguel","status":"publish","type":"post","link":"https:\/\/fmtinkunaco.ar\/?p=7225","title":{"rendered":"San Miguel: Familiares exigen justicia por el fallecimiento de dos trabajadores tercerizados del Municipio de San Miguel"},"content":{"rendered":"\n<p>Joaqu\u00edn Ortega y Roberto Mora, perdieron la vida el s\u00e1bado 10 de mayo por un accidente laboral y sus familiares y amigos reclaman justicia.<\/p>\n\n\n\n<p>Se encontraban pintando postes de luz para la empresa GEA Group, contratada por el municipio, y no contaban con ninguna protecci\u00f3n personal o preparaci\u00f3n para realizar el trabajo. A las 14:45 en la calle Pilcomayo y Montevideo ocurri\u00f3 el accidente donde Joaqu\u00edn y su compa\u00f1ero fallecieron al recibir una gran descargar el\u00e9ctrica.<\/p>\n\n\n\n<p>Ambos j\u00f3venes fueron contratados con la promesa de un trabajo formal por An\u00edbal Sidan, quien adem\u00e1s era el suegro de Joaqu\u00edn y se postul\u00f3 para concejal del Municipio de San Miguel.<\/p>\n\n\n\n<p>Noelia Ortega es mam\u00e1 de Joaqu\u00edn y expresaba la falta de respuesta del municipio \u201c<em>El d\u00eda de la tragedia, el intendente vino a mi casa pero no tuvo respuestas para nada\u201d.<\/em><\/p>\n\n\n\n<p>La semana que viene se cumple un mes de la tragedia, en este marco familiares y amigos de Joaqu\u00edn convocan a participar de una nueva movilizaci\u00f3n reclamando que quienes sean responsables directa o indirectamente respondan ante la justicia.<\/p>\n","protected":false},"excerpt":{"rendered":"<p>Joaqu\u00edn Ortega y Roberto Mora, perdieron la vida el s\u00e1bado 10 de mayo por un accidente laboral y sus familiares y amigos reclaman justicia. Se encontraban pintando postes de luz para la empresa GEA Group, contratada por el municipio, y no contaban con ninguna protecci\u00f3n personal o preparaci\u00f3n para realizar el trabajo. A las 14:45 [&hellip;]<\/p>\n","protected":false},"author":1,"featured_media":7226,"comment_status":"open","ping_status":"open","sticky":false,"template":"","format":"standard","meta":{"footnotes":""},"categories":[9],"tags":[],"class_list":["post-7225","post","type-post","status-publish","format-standard","has-post-thumbnail","hentry","category-sociedad"],"_links":{"self":[{"href":"https:\/\/fmtinkunaco.ar\/index.php?rest_route=\/wp\/v2\/posts\/7225","targetHints":{"allow":["GET"]}}],"collection":[{"href":"https:\/\/fmtinkunaco.ar\/index.php?rest_route=\/wp\/v2\/posts"}],"about":[{"href":"https:\/\/fmtinkunaco.ar\/index.php?rest_route=\/wp\/v2\/types\/post"}],"author":[{"embeddable":true,"href":"https:\/\/fmtinkunaco.ar\/index.php?rest_route=\/wp\/v2\/users\/1"}],"replies":[{"embeddable":true,"href":"https:\/\/fmtinkunaco.ar\/index.php?rest_route=%2Fwp%2Fv2%2Fcomments&post=7225"}],"version-history":[{"count":1,"href":"https:\/\/fmtinkunaco.ar\/index.php?rest_route=\/wp\/v2\/posts\/7225\/revisions"}],"predecessor-version":[{"id":7227,"href":"https:\/\/fmtinkunaco.ar\/index.php?rest_route=\/wp\/v2\/posts\/7225\/revisions\/7227"}],"wp:featuredmedia":[{"embeddable":true,"href":"https:\/\/fmtinkunaco.ar\/index.php?rest_route=\/wp\/v2\/media\/7226"}],"wp:attachment":[{"href":"https:\/\/fmtinkunaco.ar\/index.php?rest_route=%2Fwp%2Fv2%2Fmedia&parent=7225"}],"wp:term":[{"taxonomy":"category","embeddable":true,"href":"https:\/\/fmtinkunaco.ar\/index.php?rest_route=%2Fwp%2Fv2%2Fcategories&post=7225"},{"taxonomy":"post_tag","embeddable":true,"href":"https:\/\/fmtinkunaco.ar\/index.php?rest_route=%2Fwp%2Fv2%2Ftags&post=7225"}],"curies":[{"name":"wp","href":"https:\/\/api.w.org\/{rel}","templated":true}]}}