{"id":7228,"date":"2025-06-09T13:47:12","date_gmt":"2025-06-09T16:47:12","guid":{"rendered":"https:\/\/fmtinkunaco.ar\/?p=7228"},"modified":"2025-06-09T13:49:39","modified_gmt":"2025-06-09T16:49:39","slug":"jose-c-paz-estudiantes-del-isfd-n36-continuan-reclamando-un-edificio-propio","status":"publish","type":"post","link":"https:\/\/fmtinkunaco.ar\/?p=7228","title":{"rendered":"Jos\u00e9 C. Paz: Estudiantes del ISFD N\u00b036 contin\u00faan reclamando un edificio propio"},"content":{"rendered":"\n<p>La comunidad estudiantil y docente del Instituto Superior de Formaci\u00f3n Docente N\u00b036 organiz\u00f3 una nueva jornada de lucha frente al Municipio de Jos\u00e9 C. Paz ma\u00f1ana martes 10\/6 a las 8:30hs.<\/p>\n\n\n\n<p>Los estudiantes vienen reclamando hace a\u00f1os por un edificio propio y por las condiciones precarias en las que se dan las clases, como por ejemplo la falta de bancos y mesas, el tama\u00f1o de las aulas, los ba\u00f1os en p\u00e9simas condiciones.<\/p>\n\n\n\n<p>Betania Oreja Cerruti es docente del Instituto de Formaci\u00f3n Docente N\u00b036 y se refer\u00eda al reclamo \u201c<em>Hay una parte de Jos\u00e9 C. Paz de la poblaci\u00f3n que ni siquiera sabe que existe el profesorado justamente por la falta de edificio. Todos los a\u00f1os nos pasa que hay estudiantes que se inscriben que ni sab\u00edan que exist\u00eda, cuando el profesorado ya cumpli\u00f3 36 a\u00f1os (\u2026) Lo que nos pasa reiteradamente es que eso se traba, hay una reuni\u00f3n, nos movilizamos, se plantean promesas y despu\u00e9s no avanza\u201d.<\/em><\/p>\n\n\n\n<p>Estudiantes, egresados y docentes del Instituto convocan a la comunidad a participar del reclamo ma\u00f1ana en las puertas del Municipio de Jos\u00e9 C. Paz.<\/p>\n\n\n\n<p>Entrevista completa<\/p>\n\n\n<p><iframe loading=\"lazy\" src=\"https:\/\/archive.org\/embed\/entrevista-betania-oreja-cerruti-09-06-25\" width=\"500\" height=\"60\" frameborder=\"0\" webkitallowfullscreen=\"true\" mozallowfullscreen=\"true\" allowfullscreen><\/iframe><\/p>\n\n\n<p><a href=\"https:\/\/archive.org\/details\/entrevista-betania-oreja-cerruti-09-06-25\" data-type=\"link\" data-id=\"https:\/\/archive.org\/details\/entrevista-betania-oreja-cerruti-09-06-25\">Descargar<\/a><\/p>\n","protected":false},"excerpt":{"rendered":"<p>La comunidad estudiantil y docente del Instituto Superior de Formaci\u00f3n Docente N\u00b036 organiz\u00f3 una nueva jornada de lucha frente al Municipio de Jos\u00e9 C. Paz ma\u00f1ana martes 10\/6 a las 8:30hs. Los estudiantes vienen reclamando hace a\u00f1os por un edificio propio y por las condiciones precarias en las que se dan las clases, como por [&hellip;]<\/p>\n","protected":false},"author":1,"featured_media":7229,"comment_status":"open","ping_status":"open","sticky":false,"template":"","format":"standard","meta":{"footnotes":""},"categories":[1],"tags":[],"class_list":["post-7228","post","type-post","status-publish","format-standard","has-post-thumbnail","hentry","category-blog"],"_links":{"self":[{"href":"https:\/\/fmtinkunaco.ar\/index.php?rest_route=\/wp\/v2\/posts\/7228","targetHints":{"allow":["GET"]}}],"collection":[{"href":"https:\/\/fmtinkunaco.ar\/index.php?rest_route=\/wp\/v2\/posts"}],"about":[{"href":"https:\/\/fmtinkunaco.ar\/index.php?rest_route=\/wp\/v2\/types\/post"}],"author":[{"embeddable":true,"href":"https:\/\/fmtinkunaco.ar\/index.php?rest_route=\/wp\/v2\/users\/1"}],"replies":[{"embeddable":true,"href":"https:\/\/fmtinkunaco.ar\/index.php?rest_route=%2Fwp%2Fv2%2Fcomments&post=7228"}],"version-history":[{"count":3,"href":"https:\/\/fmtinkunaco.ar\/index.php?rest_route=\/wp\/v2\/posts\/7228\/revisions"}],"predecessor-version":[{"id":7233,"href":"https:\/\/fmtinkunaco.ar\/index.php?rest_route=\/wp\/v2\/posts\/7228\/revisions\/7233"}],"wp:featuredmedia":[{"embeddable":true,"href":"https:\/\/fmtinkunaco.ar\/index.php?rest_route=\/wp\/v2\/media\/7229"}],"wp:attachment":[{"href":"https:\/\/fmtinkunaco.ar\/index.php?rest_route=%2Fwp%2Fv2%2Fmedia&parent=7228"}],"wp:term":[{"taxonomy":"category","embeddable":true,"href":"https:\/\/fmtinkunaco.ar\/index.php?rest_route=%2Fwp%2Fv2%2Fcategories&post=7228"},{"taxonomy":"post_tag","embeddable":true,"href":"https:\/\/fmtinkunaco.ar\/index.php?rest_route=%2Fwp%2Fv2%2Ftags&post=7228"}],"curies":[{"name":"wp","href":"https:\/\/api.w.org\/{rel}","templated":true}]}}