{"id":7237,"date":"2025-06-11T14:34:51","date_gmt":"2025-06-11T17:34:51","guid":{"rendered":"https:\/\/fmtinkunaco.ar\/?p=7237"},"modified":"2025-06-11T14:34:51","modified_gmt":"2025-06-11T17:34:51","slug":"inicio-de-actividades-en-el-consejo-escolar-en-el-predio-usurpado-de-la-espumn","status":"publish","type":"post","link":"https:\/\/fmtinkunaco.ar\/?p=7237","title":{"rendered":"Inicio de actividades en el Consejo Escolar en el predio usurpado de la ESPUMN"},"content":{"rendered":"\n<p>Arranc\u00f3 el funcionamiento del Consejo Escolar &nbsp;en el edificio construido en el predio usurpado de la Universidad Nacional de Moreno, el cual fue originalmente otorgado a la Escuela Secundaria Polit\u00e9cnica (ESPUNM) hace m\u00e1s de 2 a\u00f1os.<\/p>\n\n\n\n<p>El conflicto judicial entre la Universidad y la Municipalidad contin\u00faa sin resolverse, pero mientras tanto la Municipalidad ya comenz\u00f3 la mudanza y puesta en funcionamiento del Consejo Escolar en el terreno de la UNM, este planea inaugurar oficialmente ni unos d\u00edas.<\/p>\n\n\n\n<p>Claudio Fardelli, Director de la Escuela Polit\u00e9cnica, comentaba \u201c<em>Primero nos enteramos por los medios locales que estaba pr\u00f3ximo a realizarse la mudanza del Consejo Escolar de moreno, que finalmente se realiz\u00f3 la semana pasada y est\u00e1 funcionando, sin inauguraci\u00f3n. En un predio que esta judicializado, todav\u00eda esto no ha tenido una definici\u00f3n por parte de la justicia sobre su titularidad (\u2026)<\/em> <em>Pone en relieve la situaci\u00f3n de la escuela, la imposibilidad del desarrollo del proyecto de la escuela tal como est\u00e1 concebido por la universidad\u201d.<\/em><\/p>\n\n\n\n<p>Asimismo, Fardelli mencionaba c\u00f3mo vienen las medidas de lucha \u201c<em>Hace un par de meses el Consejo Superior de la Universidad constituyo el Foro de Defensa de la ESPUMN, que est\u00e1 integrado por personas de la comunidad escolar y de la Universidad, es un espacio que se re\u00fane y trabaja pensando y organizando acciones de visibilizaci\u00f3n, al margen de lo que la Universidad hace por la v\u00eda judicial\u201d.<\/em><\/p>\n\n\n\n<p>Entrevista completa en el Noticiero Encuentro con las Noticias<\/p>\n\n\n<p><iframe loading=\"lazy\" src=\"https:\/\/archive.org\/embed\/entrevista-claudio-fardelli-espumn-11-06-25\" width=\"500\" height=\"60\" frameborder=\"0\" webkitallowfullscreen=\"true\" mozallowfullscreen=\"true\" allowfullscreen><\/iframe><\/p>\n\n\n<p><a href=\"https:\/\/archive.org\/details\/entrevista-claudio-fardelli-espumn-11-06-25\" data-type=\"link\" data-id=\"https:\/\/archive.org\/details\/entrevista-claudio-fardelli-espumn-11-06-25\">Descargar <\/a><\/p>\n","protected":false},"excerpt":{"rendered":"<p>Arranc\u00f3 el funcionamiento del Consejo Escolar &nbsp;en el edificio construido en el predio usurpado de la Universidad Nacional de Moreno, el cual fue originalmente otorgado a la Escuela Secundaria Polit\u00e9cnica (ESPUNM) hace m\u00e1s de 2 a\u00f1os. El conflicto judicial entre la Universidad y la Municipalidad contin\u00faa sin resolverse, pero mientras tanto la Municipalidad ya comenz\u00f3 [&hellip;]<\/p>\n","protected":false},"author":1,"featured_media":7238,"comment_status":"open","ping_status":"open","sticky":false,"template":"","format":"standard","meta":{"footnotes":""},"categories":[1],"tags":[],"class_list":["post-7237","post","type-post","status-publish","format-standard","has-post-thumbnail","hentry","category-blog"],"_links":{"self":[{"href":"https:\/\/fmtinkunaco.ar\/index.php?rest_route=\/wp\/v2\/posts\/7237","targetHints":{"allow":["GET"]}}],"collection":[{"href":"https:\/\/fmtinkunaco.ar\/index.php?rest_route=\/wp\/v2\/posts"}],"about":[{"href":"https:\/\/fmtinkunaco.ar\/index.php?rest_route=\/wp\/v2\/types\/post"}],"author":[{"embeddable":true,"href":"https:\/\/fmtinkunaco.ar\/index.php?rest_route=\/wp\/v2\/users\/1"}],"replies":[{"embeddable":true,"href":"https:\/\/fmtinkunaco.ar\/index.php?rest_route=%2Fwp%2Fv2%2Fcomments&post=7237"}],"version-history":[{"count":1,"href":"https:\/\/fmtinkunaco.ar\/index.php?rest_route=\/wp\/v2\/posts\/7237\/revisions"}],"predecessor-version":[{"id":7239,"href":"https:\/\/fmtinkunaco.ar\/index.php?rest_route=\/wp\/v2\/posts\/7237\/revisions\/7239"}],"wp:featuredmedia":[{"embeddable":true,"href":"https:\/\/fmtinkunaco.ar\/index.php?rest_route=\/wp\/v2\/media\/7238"}],"wp:attachment":[{"href":"https:\/\/fmtinkunaco.ar\/index.php?rest_route=%2Fwp%2Fv2%2Fmedia&parent=7237"}],"wp:term":[{"taxonomy":"category","embeddable":true,"href":"https:\/\/fmtinkunaco.ar\/index.php?rest_route=%2Fwp%2Fv2%2Fcategories&post=7237"},{"taxonomy":"post_tag","embeddable":true,"href":"https:\/\/fmtinkunaco.ar\/index.php?rest_route=%2Fwp%2Fv2%2Ftags&post=7237"}],"curies":[{"name":"wp","href":"https:\/\/api.w.org\/{rel}","templated":true}]}}