{"id":7243,"date":"2025-06-13T12:54:10","date_gmt":"2025-06-13T15:54:10","guid":{"rendered":"https:\/\/fmtinkunaco.ar\/?p=7243"},"modified":"2025-06-13T12:59:01","modified_gmt":"2025-06-13T15:59:01","slug":"trabajador-despedido-de-empresa-del-oeste-reclama-persecucion-sindical","status":"publish","type":"post","link":"https:\/\/fmtinkunaco.ar\/?p=7243","title":{"rendered":"Trabajador despedido de la Empresa Del Oeste reclama Persecuci\u00f3n Sindical"},"content":{"rendered":"\n<p>Cristian Avalos es un ex trabajador de Empresa Del Oeste (EDO) y denuncia que su despido se debe a una persecuci\u00f3n sindical y discriminatoria.<\/p>\n\n\n\n<p>Es la segunda vez que la empresa de transportes despide al ex delegado Cristian Avalos, en el 2018 los despidieron apelando al Art\u00edculo 245 pero luego de 5 a\u00f1os del conflicto judicial, la Justicia fallo a su favor y la empresa se vio obliga a restituirlo. Sobre esto, Avalos a\u00f1adi\u00f3 \u201c<em>La justicia fallo a favor nuestro en marzo del 2023, con el fallo y todo la empresa no quiso que yo vuelva a mis tareas hasta agosto aludiendo que no ten\u00eda vacantes para m\u00ed\u201d.<\/em><\/p>\n\n\n\n<p>La empresa realiza la baja utilizando el Art\u00edculo 242 acusando a Avalos de haber ocasionado un choque en la v\u00eda p\u00fablica. Avalos sostuvo que el accidente fue ocasionado por el otro veh\u00edculo y por lo que coment\u00f3 \u201c<em>Mandamos por un telegrama contestando, que es todo falso, que no provoque un accidente, que no provoque un da\u00f1o y reinstalaci\u00f3n autom\u00e1tica. Puede verificar las c\u00e1maras, pueden ver el accionar del otro veh\u00edculo, esto es meramente sindical y persecutorio\u201d.<\/em><\/p>\n\n\n\n<p>Avalos explic\u00f3 que en otras circunstancias, cuando un chofer tiene un accidente, la Empresa no act\u00faa de igual forma<em> \u201cNo es la primera vez que alguien choca, he tenido compa\u00f1eros que han tenido peores accidentes y la mayor sanci\u00f3n que he escuchado es 20 d\u00edas de suspensi\u00f3n. Yo esperaba algo as\u00ed, nunca pens\u00e9 que ser\u00eda un despido\u201d.<\/em><\/p>\n\n\n\n<p>Avalos denuncia que esta medida es con el fin proscribirlo para que no vuelva a ser delegado en las elecciones de fin de a\u00f1o, en sus palabras, \u201c<em>No es casualidad que justo este a\u00f1o hay elecciones para ser delegado\u201d.<\/em><\/p>\n\n\n\n<p>Varias organizaciones sociales y sindicales se solidarizan con el trabajador despedido y reclaman la reincorporaci\u00f3n inmediata.<\/p>\n\n\n\n<p>Entrevista completa en el Noticiero Encuentro con las noticias<\/p>\n\n\n<p><iframe loading=\"lazy\" src=\"https:\/\/archive.org\/embed\/entrevista-cristian-avalos-trabajador-despedido-de-edo-13-06-25\" width=\"500\" height=\"60\" frameborder=\"0\" webkitallowfullscreen=\"true\" mozallowfullscreen=\"true\" allowfullscreen><\/iframe><\/p>\n\n\n<p><a href=\"https:\/\/archive.org\/details\/entrevista-cristian-avalos-trabajador-despedido-de-edo-13-06-25\" data-type=\"link\" data-id=\"https:\/\/archive.org\/details\/entrevista-cristian-avalos-trabajador-despedido-de-edo-13-06-25\">Descargar<\/a><\/p>\n","protected":false},"excerpt":{"rendered":"<p>Cristian Avalos es un ex trabajador de Empresa Del Oeste (EDO) y denuncia que su despido se debe a una persecuci\u00f3n sindical y discriminatoria. Es la segunda vez que la empresa de transportes despide al ex delegado Cristian Avalos, en el 2018 los despidieron apelando al Art\u00edculo 245 pero luego de 5 a\u00f1os del conflicto [&hellip;]<\/p>\n","protected":false},"author":1,"featured_media":7244,"comment_status":"open","ping_status":"open","sticky":false,"template":"","format":"standard","meta":{"footnotes":""},"categories":[1],"tags":[],"class_list":["post-7243","post","type-post","status-publish","format-standard","has-post-thumbnail","hentry","category-blog"],"_links":{"self":[{"href":"https:\/\/fmtinkunaco.ar\/index.php?rest_route=\/wp\/v2\/posts\/7243","targetHints":{"allow":["GET"]}}],"collection":[{"href":"https:\/\/fmtinkunaco.ar\/index.php?rest_route=\/wp\/v2\/posts"}],"about":[{"href":"https:\/\/fmtinkunaco.ar\/index.php?rest_route=\/wp\/v2\/types\/post"}],"author":[{"embeddable":true,"href":"https:\/\/fmtinkunaco.ar\/index.php?rest_route=\/wp\/v2\/users\/1"}],"replies":[{"embeddable":true,"href":"https:\/\/fmtinkunaco.ar\/index.php?rest_route=%2Fwp%2Fv2%2Fcomments&post=7243"}],"version-history":[{"count":2,"href":"https:\/\/fmtinkunaco.ar\/index.php?rest_route=\/wp\/v2\/posts\/7243\/revisions"}],"predecessor-version":[{"id":7246,"href":"https:\/\/fmtinkunaco.ar\/index.php?rest_route=\/wp\/v2\/posts\/7243\/revisions\/7246"}],"wp:featuredmedia":[{"embeddable":true,"href":"https:\/\/fmtinkunaco.ar\/index.php?rest_route=\/wp\/v2\/media\/7244"}],"wp:attachment":[{"href":"https:\/\/fmtinkunaco.ar\/index.php?rest_route=%2Fwp%2Fv2%2Fmedia&parent=7243"}],"wp:term":[{"taxonomy":"category","embeddable":true,"href":"https:\/\/fmtinkunaco.ar\/index.php?rest_route=%2Fwp%2Fv2%2Fcategories&post=7243"},{"taxonomy":"post_tag","embeddable":true,"href":"https:\/\/fmtinkunaco.ar\/index.php?rest_route=%2Fwp%2Fv2%2Ftags&post=7243"}],"curies":[{"name":"wp","href":"https:\/\/api.w.org\/{rel}","templated":true}]}}